{"id":5567,"date":"2021-09-13T09:00:00","date_gmt":"2021-09-13T09:00:00","guid":{"rendered":"https:\/\/www.vallourec.com\/news\/le-siege-francais-de-vallourec-a-demenage\/"},"modified":"2021-09-13T09:00:00","modified_gmt":"2021-09-13T09:00:00","slug":"le-siege-francais-de-vallourec-a-demenage","status":"publish","type":"news","link":"https:\/\/www.vallourec.com\/fr\/news\/le-siege-francais-de-vallourec-a-demenage\/","title":{"rendered":"Le si\u00e8ge fran\u00e7ais de Vallourec a d\u00e9m\u00e9nag\u00e9"},"content":{"rendered":"\t\t<div data-elementor-type=\"wp-post\" data-elementor-id=\"5567\" class=\"elementor elementor-5567 elementor-5564\">\n\t\t\t\t\t\t<section class=\"elementor-section elementor-top-section elementor-element elementor-element-46f91c3 elementor-section-full_width elementor-section-height-default elementor-section-height-default\" data-id=\"46f91c3\" data-element_type=\"section\" data-e-type=\"section\">\n\t\t\t\t\t\t<div class=\"elementor-container elementor-column-gap-no\">\n\t\t\t\t\t<div class=\"elementor-column elementor-col-100 elementor-top-column elementor-element elementor-element-1b6f2c3\" data-id=\"1b6f2c3\" data-element_type=\"column\" data-e-type=\"column\">\n\t\t\t<div class=\"elementor-widget-wrap elementor-element-populated\">\n\t\t\t\t\t\t<div class=\"elementor-element elementor-element-4e6a11c elementor-widget elementor-widget-spacer\" data-id=\"4e6a11c\" data-element_type=\"widget\" data-e-type=\"widget\" data-widget_type=\"spacer.default\">\n\t\t\t\t\t\t\t<div class=\"elementor-spacer\">\n\t\t\t<div class=\"elementor-spacer-inner\"><\/div>\n\t\t<\/div>\n\t\t\t\t\t\t<\/div>\n\t\t\t\t<div class=\"elementor-element elementor-element-5f50466 elementor-widget elementor-widget-text-editor\" data-id=\"5f50466\" data-element_type=\"widget\" data-e-type=\"widget\" data-widget_type=\"text-editor.default\">\n\t\t\t\t\t\t\t\t\t<p>Le bien-nomm&eacute; \u00ab\u00a0Meudon Campus\u00a0\u00bb se situe au <strong>12, rue de la Verrerie<\/strong>. Il est facilement accessible en transports en commun.<br>\n<br>\nA l&rsquo;image de notre Groupe, qui a travers&eacute; de nombreuses transformations, Vallourec offre &agrave; ses collaborateurs l&acute;occasion de revisiter sa fa&ccedil;on de travailler avec des espaces plus flexibles et des pratiques renouvel&eacute;es tout en conservant les pratiques du t&eacute;l&eacute;travail d&eacute;j&agrave; en partie en place dans le Groupe.<\/p>\t\t\t\t\t\t\t\t<\/div>\n\t\t\t\t<div class=\"elementor-element elementor-element-c702cc9 elementor-widget elementor-widget-spacer\" data-id=\"c702cc9\" data-element_type=\"widget\" data-e-type=\"widget\" data-widget_type=\"spacer.default\">\n\t\t\t\t\t\t\t<div class=\"elementor-spacer\">\n\t\t\t<div class=\"elementor-spacer-inner\"><\/div>\n\t\t<\/div>\n\t\t\t\t\t\t<\/div>\n\t\t\t\t<div class=\"elementor-element elementor-element-b163780 elementor-widget elementor-widget-text-editor\" data-id=\"b163780\" data-element_type=\"widget\" data-e-type=\"widget\" data-widget_type=\"text-editor.default\">\n\t\t\t\t\t\t\t\t\t<p><span style=\"color: #009ee0;\">Comp&#233;titivit&#233; et identification des besoins<\/span><\/p>\t\t\t\t\t\t\t\t<\/div>\n\t\t\t\t<div class=\"elementor-element elementor-element-532e263 elementor-widget elementor-widget-spacer\" data-id=\"532e263\" data-element_type=\"widget\" data-e-type=\"widget\" data-widget_type=\"spacer.default\">\n\t\t\t\t\t\t\t<div class=\"elementor-spacer\">\n\t\t\t<div class=\"elementor-spacer-inner\"><\/div>\n\t\t<\/div>\n\t\t\t\t\t\t<\/div>\n\t\t\t\t<div class=\"elementor-element elementor-element-09b6c23 elementor-widget elementor-widget-spacer\" data-id=\"09b6c23\" data-element_type=\"widget\" data-e-type=\"widget\" data-widget_type=\"spacer.default\">\n\t\t\t\t\t\t\t<div class=\"elementor-spacer\">\n\t\t\t<div class=\"elementor-spacer-inner\"><\/div>\n\t\t<\/div>\n\t\t\t\t\t\t<\/div>\n\t\t\t\t<div class=\"elementor-element elementor-element-a10bdaf elementor-widget elementor-widget-text-editor\" data-id=\"a10bdaf\" data-element_type=\"widget\" data-e-type=\"widget\" data-widget_type=\"text-editor.default\">\n\t\t\t\t\t\t\t\t\t<p>Ce changement s&rsquo;inscrit dans l&rsquo;enjeu de comp&eacute;titivit&eacute; et de r&eacute;duction des co&ucirc;ts du Groupe. <strong>Il nous permet &eacute;galement de poursuivre la transformation du Groupe et repenser nos conditions de travail.<\/strong><br>\n<br>\nNos nouveaux locaux ont &eacute;t&eacute; imagin&eacute;s &agrave; l&rsquo;issue d&rsquo;un v&eacute;ritable processus de co-construction, gr&acirc;ce &agrave; des groupes de travail organis&eacute;s avec les collaborateurs du si&egrave;ge, afin de nous adapter au mieux &agrave; leurs attentes. Ces groupes de travail ont port&eacute; sur des th&egrave;mes aussi divers que la conception des plans des &eacute;tages, la d&eacute;coration et le mobilier et les bonnes pratiques du travail en open space.<\/p>\t\t\t\t\t\t\t\t<\/div>\n\t\t\t\t<div class=\"elementor-element elementor-element-e258ece elementor-widget elementor-widget-spacer\" data-id=\"e258ece\" data-element_type=\"widget\" data-e-type=\"widget\" data-widget_type=\"spacer.default\">\n\t\t\t\t\t\t\t<div class=\"elementor-spacer\">\n\t\t\t<div class=\"elementor-spacer-inner\"><\/div>\n\t\t<\/div>\n\t\t\t\t\t\t<\/div>\n\t\t\t\t<div class=\"elementor-element elementor-element-0ee6868 elementor-widget elementor-widget-text-editor\" data-id=\"0ee6868\" data-element_type=\"widget\" data-e-type=\"widget\" data-widget_type=\"text-editor.default\">\n\t\t\t\t\t\t\t\t\t<p><span style=\"color: #009ee0;\">Adoption du flex-office<\/span><\/p>\t\t\t\t\t\t\t\t<\/div>\n\t\t\t\t<div class=\"elementor-element elementor-element-791e09e elementor-widget elementor-widget-spacer\" data-id=\"791e09e\" data-element_type=\"widget\" data-e-type=\"widget\" data-widget_type=\"spacer.default\">\n\t\t\t\t\t\t\t<div class=\"elementor-spacer\">\n\t\t\t<div class=\"elementor-spacer-inner\"><\/div>\n\t\t<\/div>\n\t\t\t\t\t\t<\/div>\n\t\t\t\t<div class=\"elementor-element elementor-element-55461af elementor-widget elementor-widget-spacer\" data-id=\"55461af\" data-element_type=\"widget\" data-e-type=\"widget\" data-widget_type=\"spacer.default\">\n\t\t\t\t\t\t\t<div class=\"elementor-spacer\">\n\t\t\t<div class=\"elementor-spacer-inner\"><\/div>\n\t\t<\/div>\n\t\t\t\t\t\t<\/div>\n\t\t\t\t<div class=\"elementor-element elementor-element-3303ff3 elementor-widget elementor-widget-text-editor\" data-id=\"3303ff3\" data-element_type=\"widget\" data-e-type=\"widget\" data-widget_type=\"text-editor.default\">\n\t\t\t\t\t\t\t\t\t<p>En effet, outre les &eacute;conomies de co&ucirc;ts r&eacute;alis&eacute;es, cette &eacute;volution nous permet d&rsquo;exp&eacute;rimenter le flex-office, une politique d&rsquo;am&eacute;nagement visant &agrave; favoriser les interactions et la collaboration, et d&rsquo;aller plus loin dans l&rsquo;impl&eacute;mentation du t&eacute;l&eacute;travail. <strong>Ainsi, nous renfor&ccedil;ons l&rsquo;esprit d&rsquo;&eacute;quipe en &eacute;vitant les bureaux individuels et isol&eacute;s, et r&eacute;pondons au mieux aux besoins de nos collaborateurs.<br>\n<\/strong><br>\nIl ne s&rsquo;agit pas seulement de d&eacute;cloisonner les bureaux, mais de concevoir une grande diversit&eacute; d&rsquo;espaces pour r&eacute;pondre au mieux &agrave; la pluralit&eacute; d&rsquo;activit&eacute;s qu&rsquo;un collaborateur exerce au sein d&rsquo;une journ&eacute;e type. En effet, gr&acirc;ce au flex-office, nos salari&eacute;s b&eacute;n&eacute;ficieront de lieux adapt&eacute;s &agrave; chaque usage (zones de concentration, lieux de convivialit&eacute;, salles de cr&eacute;ativit&eacute;&hellip;). Ils profiteront &eacute;galement d&rsquo;un meilleur &eacute;quilibre vie priv&eacute;e \/ vie professionnelle gr&acirc;ce &agrave; un temps de travail organis&eacute; de mani&egrave;re plus souple, entre pr&eacute;sence au bureau, t&eacute;l&eacute;travail ou rendez-vous professionnels.<\/p>\t\t\t\t\t\t\t\t<\/div>\n\t\t\t\t<div class=\"elementor-element elementor-element-1a8d854 elementor-widget elementor-widget-spacer\" data-id=\"1a8d854\" data-element_type=\"widget\" data-e-type=\"widget\" data-widget_type=\"spacer.default\">\n\t\t\t\t\t\t\t<div class=\"elementor-spacer\">\n\t\t\t<div class=\"elementor-spacer-inner\"><\/div>\n\t\t<\/div>\n\t\t\t\t\t\t<\/div>\n\t\t\t\t<div class=\"elementor-element elementor-element-aee68d6 elementor-widget elementor-widget-spacer\" data-id=\"aee68d6\" data-element_type=\"widget\" data-e-type=\"widget\" data-widget_type=\"spacer.default\">\n\t\t\t\t\t\t\t<div class=\"elementor-spacer\">\n\t\t\t<div class=\"elementor-spacer-inner\"><\/div>\n\t\t<\/div>\n\t\t\t\t\t\t<\/div>\n\t\t\t\t<div class=\"elementor-element elementor-element-8eb3bf6 elementor-widget elementor-widget-testimonial\" data-id=\"8eb3bf6\" data-element_type=\"widget\" data-e-type=\"widget\" data-widget_type=\"testimonial.default\">\n\t\t\t\t<div class=\"elementor-widget-container\">\n\t\t\t\t\t<div class=\"testimonial w-full md:mt-[79px] md:mb-[44px] my-0 relative\">\n  <div class=\"md:block hidden absolute right-0 -top-[79px] custom-padding-right\"><svg width=\"146\" height=\"146\" viewBox=\"0 0 146 146\" fill=\"none\" xmlns=\"http:\/\/www.w3.org\/2000\/svg\">\n    <path d=\"M125.143 72.2502H84.1787V11.1787H145.25V73.0002C145.25 106.84 117.924 134.414 84.1787 134.817V115.458C107.249 115.056 125.893 96.1647 125.893 73.0002V72.2502H125.143Z\"\n        stroke=\"#009EE0\" stroke-width=\"1.5\" \/>\n    <path d=\"M41.7142 72.2502H0.75V11.1787H61.8215V73.0002C61.8215 106.84 34.4956 134.414 0.75 134.817V115.458C23.8204 115.056 42.4642 96.1647 42.4642 73.0002V72.2502H41.7142Z\"\n        stroke=\"#009EE0\" stroke-width=\"1.5\" \/>\n<\/svg>\n<\/div>\n            <picture class=\"block h-[314px] md:h-[442px] mx-auto md:mx-none w-full max-w-[280px] md:w-[295px] md:-top-[77px] rounded-lg relative md:absolute shadow shadow-1 overflow-hidden\">\n        <source srcset=\"\" media=\"(max-width: 768px)\">\n        <img decoding=\"async\" src=\"https:\/\/www.vallourec.com\/app\/uploads\/2023\/09\/Francois-Curie-portrait.jpg\" alt=\"\" loading=\"lazy\" class=\"w-full h-auto min-w-full min-h-full object-cover select-none pointer-events-none\">\n      <\/picture>\n        <div class=\"relative -z-10 flex flex-col min-h-[321px] md:pt-[55px] md:custom-padding-right p-4 md:pl-[109px] md:ml-[234px] md:mt-0 mt-12 rounded-lg md:rounded-none bg-blue-secondary-200\">\n    <div class=\"block md:hidden absolute right-0 -top-[30px]\"><svg width=\"50\" height=\"50\" viewBox=\"0 0 50 50\" fill=\"none\" xmlns=\"http:\/\/www.w3.org\/2000\/svg\">\n<path d=\"M42.857 24.2501H29.3213V4.32153H49.2499V25.0001C49.2499 36.1513 40.3775 45.2692 29.3213 45.6653V40.0174C37.2654 39.6253 43.607 33.0399 43.607 25.0001V24.2501H42.857Z\" stroke=\"#009EE0\" stroke-width=\"1.5\"\/>\n<path d=\"M14.2857 24.2499H0.75V4.32129H20.6786V24.9999C20.6786 36.1511 11.8062 45.269 0.75 45.6651V40.0171C8.69411 39.6251 15.0357 33.0396 15.0357 24.9999V24.2499H14.2857Z\" stroke=\"#009EE0\" stroke-width=\"1.5\"\/>\n<\/svg>\n<\/div>\n    <div class=\"pb-[24px] text-blue-secondary-800 italic leading-[40px] flex flex-col justify-center flex-1\">J&rsquo;ai la conviction que nos &eacute;quipes sauront g&eacute;rer cette transition avec agilit&eacute; et professionnalisme. Nous nous sentirons tr&egrave;s bien dans nos nouveaux locaux pour commencer &agrave; y &eacute;crire une nouvelle page de notre histoire.<\/div>\n    <div class=\"pb-[28px] flex flex-col\">\n      <div class=\"title-h6\">Fran&#231;ois Curie<\/div>\n      <div class=\"text-subtitle text-grey-700\">Directeur des Ressources Humaines<\/div>\n    <\/div>\n  <\/div>\n<\/div>\n\t\t\t\t<\/div>\n\t\t\t\t<\/div>\n\t\t\t\t<div class=\"elementor-element elementor-element-ed135fc elementor-widget elementor-widget-spacer\" data-id=\"ed135fc\" data-element_type=\"widget\" data-e-type=\"widget\" data-widget_type=\"spacer.default\">\n\t\t\t\t\t\t\t<div class=\"elementor-spacer\">\n\t\t\t<div class=\"elementor-spacer-inner\"><\/div>\n\t\t<\/div>\n\t\t\t\t\t\t<\/div>\n\t\t\t\t<div class=\"elementor-element elementor-element-0c81c3b elementor-widget elementor-widget-spacer\" data-id=\"0c81c3b\" data-element_type=\"widget\" data-e-type=\"widget\" data-widget_type=\"spacer.default\">\n\t\t\t\t\t\t\t<div class=\"elementor-spacer\">\n\t\t\t<div class=\"elementor-spacer-inner\"><\/div>\n\t\t<\/div>\n\t\t\t\t\t\t<\/div>\n\t\t\t\t<div class=\"elementor-element elementor-element-9d3d2f9 elementor-widget elementor-widget-button\" data-id=\"9d3d2f9\" data-element_type=\"widget\" data-e-type=\"widget\" data-widget_type=\"button.default\">\n\t\t\t\t<div class=\"elementor-widget-container\">\n\t\t\t\t\t<div class=\"text-left\">\n      <a class=\"no-underline\" href=\"\/fr\/accueil\/actualites\/\" target=\"_self\">\n      <button class=\"btn btn-primary my-1\">\n        <span class=\"pr-3 fas fa-chevron-right\"><\/span>        Voir toutes les actualit\u00e9s\r\n            <span class=\"more\"><\/span>\n      <\/button>\n    <\/a>\n  <\/div>\n\t\t\t\t<\/div>\n\t\t\t\t<\/div>\n\t\t\t\t<div class=\"elementor-element elementor-element-ed8c86f elementor-widget elementor-widget-spacer\" data-id=\"ed8c86f\" data-element_type=\"widget\" data-e-type=\"widget\" data-widget_type=\"spacer.default\">\n\t\t\t\t\t\t\t<div class=\"elementor-spacer\">\n\t\t\t<div class=\"elementor-spacer-inner\"><\/div>\n\t\t<\/div>\n\t\t\t\t\t\t<\/div>\n\t\t\t\t\t<\/div>\n\t\t<\/div>\n\t\t\t\t\t<\/div>\n\t\t<\/section>\n\t\t\t\t<\/div>\n\t\t","protected":false},"excerpt":{"rendered":"<p>Fin ao\u00fbt, les salari\u00e9s du si\u00e8ge de Vallourec ont emm\u00e9nag\u00e9 dans leurs nouveaux locaux \u00e0 Meudon \u2014 \u00e0 deux kilom\u00e8tres de l\u2019ancien si\u00e8ge de Boulogne-Billancourt.<\/p>\n","protected":false},"author":0,"featured_media":5566,"template":"","meta":{"_acf_changed":false},"categories":[275],"tags":[],"class_list":["post-5567","news","type-news","status-publish","has-post-thumbnail","hentry","category-hr-fr"],"acf":[],"yoast_head":"<title>Le si\u00e8ge fran\u00e7ais de Vallourec a d\u00e9m\u00e9nag\u00e9 - Vallourec<\/title>\n<meta name=\"robots\" content=\"index, follow, max-snippet:-1, max-image-preview:large, max-video-preview:-1\" \/>\n<link rel=\"canonical\" href=\"https:\/\/www.vallourec.com\/fr\/news\/le-siege-francais-de-vallourec-a-demenage\/\" \/>\n<meta property=\"og:locale\" content=\"fr_FR\" \/>\n<meta property=\"og:type\" content=\"article\" \/>\n<meta property=\"og:title\" content=\"Le si\u00e8ge fran\u00e7ais de Vallourec a d\u00e9m\u00e9nag\u00e9 - Vallourec\" \/>\n<meta property=\"og:description\" content=\"Fin ao\u00fbt, les salari\u00e9s du si\u00e8ge de Vallourec ont emm\u00e9nag\u00e9 dans leurs nouveaux locaux \u00e0 Meudon \u2014 \u00e0 deux kilom\u00e8tres de l\u2019ancien si\u00e8ge de Boulogne-Billancourt.\" \/>\n<meta property=\"og:url\" content=\"https:\/\/www.vallourec.com\/fr\/news\/le-siege-francais-de-vallourec-a-demenage\/\" \/>\n<meta property=\"og:site_name\" content=\"Vallourec\" \/>\n<meta property=\"article:publisher\" content=\"https:\/\/fr-fr.facebook.com\/Vallourec\/\" \/>\n<meta property=\"og:image\" content=\"https:\/\/www.vallourec.com\/app\/uploads\/2021\/09\/20210914-Meudon-Campus-scaled.jpg\" \/>\n\t<meta property=\"og:image:width\" content=\"2560\" \/>\n\t<meta property=\"og:image:height\" content=\"2560\" \/>\n\t<meta property=\"og:image:type\" content=\"image\/jpeg\" \/>\n<meta name=\"twitter:card\" content=\"summary_large_image\" \/>\n<meta name=\"twitter:site\" content=\"@Vallourec\" \/>\n<script type=\"application\/ld+json\" class=\"yoast-schema-graph\">{\"@context\":\"https:\\\/\\\/schema.org\",\"@graph\":[{\"@type\":\"WebPage\",\"@id\":\"https:\\\/\\\/www.vallourec.com\\\/fr\\\/news\\\/le-siege-francais-de-vallourec-a-demenage\\\/\",\"url\":\"https:\\\/\\\/www.vallourec.com\\\/fr\\\/news\\\/le-siege-francais-de-vallourec-a-demenage\\\/\",\"name\":\"Le si\u00e8ge fran\u00e7ais de Vallourec a d\u00e9m\u00e9nag\u00e9 - Vallourec\",\"isPartOf\":{\"@id\":\"https:\\\/\\\/www.vallourec.com\\\/fr\\\/#website\"},\"primaryImageOfPage\":{\"@id\":\"https:\\\/\\\/www.vallourec.com\\\/fr\\\/news\\\/le-siege-francais-de-vallourec-a-demenage\\\/#primaryimage\"},\"image\":{\"@id\":\"https:\\\/\\\/www.vallourec.com\\\/fr\\\/news\\\/le-siege-francais-de-vallourec-a-demenage\\\/#primaryimage\"},\"thumbnailUrl\":\"https:\\\/\\\/www.vallourec.com\\\/app\\\/uploads\\\/2021\\\/09\\\/20210914-Meudon-Campus-scaled.jpg\",\"datePublished\":\"2021-09-13T09:00:00+00:00\",\"breadcrumb\":{\"@id\":\"https:\\\/\\\/www.vallourec.com\\\/fr\\\/news\\\/le-siege-francais-de-vallourec-a-demenage\\\/#breadcrumb\"},\"inLanguage\":\"fr-FR\",\"potentialAction\":[{\"@type\":\"ReadAction\",\"target\":[\"https:\\\/\\\/www.vallourec.com\\\/fr\\\/news\\\/le-siege-francais-de-vallourec-a-demenage\\\/\"]}]},{\"@type\":\"ImageObject\",\"inLanguage\":\"fr-FR\",\"@id\":\"https:\\\/\\\/www.vallourec.com\\\/fr\\\/news\\\/le-siege-francais-de-vallourec-a-demenage\\\/#primaryimage\",\"url\":\"https:\\\/\\\/www.vallourec.com\\\/app\\\/uploads\\\/2021\\\/09\\\/20210914-Meudon-Campus-scaled.jpg\",\"contentUrl\":\"https:\\\/\\\/www.vallourec.com\\\/app\\\/uploads\\\/2021\\\/09\\\/20210914-Meudon-Campus-scaled.jpg\",\"width\":2560,\"height\":2560},{\"@type\":\"BreadcrumbList\",\"@id\":\"https:\\\/\\\/www.vallourec.com\\\/fr\\\/news\\\/le-siege-francais-de-vallourec-a-demenage\\\/#breadcrumb\",\"itemListElement\":[{\"@type\":\"ListItem\",\"position\":1,\"name\":\"News\",\"item\":\"https:\\\/\\\/www.vallourec.com\\\/fr\\\/news\\\/\"},{\"@type\":\"ListItem\",\"position\":2,\"name\":\"Le si\u00e8ge fran\u00e7ais de Vallourec a d\u00e9m\u00e9nag\u00e9\"}]},{\"@type\":\"WebSite\",\"@id\":\"https:\\\/\\\/www.vallourec.com\\\/fr\\\/#website\",\"url\":\"https:\\\/\\\/www.vallourec.com\\\/fr\\\/\",\"name\":\"Vallourec\",\"description\":\"\",\"publisher\":{\"@id\":\"https:\\\/\\\/www.vallourec.com\\\/fr\\\/#organization\"},\"potentialAction\":[{\"@type\":\"SearchAction\",\"target\":{\"@type\":\"EntryPoint\",\"urlTemplate\":\"https:\\\/\\\/www.vallourec.com\\\/fr\\\/?s={search_term_string}\"},\"query-input\":{\"@type\":\"PropertyValueSpecification\",\"valueRequired\":true,\"valueName\":\"search_term_string\"}}],\"inLanguage\":\"fr-FR\"},{\"@type\":\"Organization\",\"@id\":\"https:\\\/\\\/www.vallourec.com\\\/fr\\\/#organization\",\"name\":\"Vallourec\",\"url\":\"https:\\\/\\\/www.vallourec.com\\\/fr\\\/\",\"logo\":{\"@type\":\"ImageObject\",\"inLanguage\":\"fr-FR\",\"@id\":\"https:\\\/\\\/www.vallourec.com\\\/fr\\\/#\\\/schema\\\/logo\\\/image\\\/\",\"url\":\"https:\\\/\\\/www.vallourec.com\\\/app\\\/uploads\\\/2024\\\/11\\\/vallourec_logo.jpg\",\"contentUrl\":\"https:\\\/\\\/www.vallourec.com\\\/app\\\/uploads\\\/2024\\\/11\\\/vallourec_logo.jpg\",\"width\":662,\"height\":500,\"caption\":\"Vallourec\"},\"image\":{\"@id\":\"https:\\\/\\\/www.vallourec.com\\\/fr\\\/#\\\/schema\\\/logo\\\/image\\\/\"},\"sameAs\":[\"https:\\\/\\\/fr-fr.facebook.com\\\/Vallourec\\\/\",\"https:\\\/\\\/x.com\\\/Vallourec\",\"https:\\\/\\\/www.instagram.com\\\/vallourec\\\/\",\"https:\\\/\\\/fr.linkedin.com\\\/company\\\/vallourec\",\"https:\\\/\\\/www.youtube.com\\\/channel\\\/UCgIl0xm1ANwajVkfCFvZr0w\"]}]}<\/script>","yoast_head_json":{"title":"Le si\u00e8ge fran\u00e7ais de Vallourec a d\u00e9m\u00e9nag\u00e9 - Vallourec","robots":{"index":"index","follow":"follow","max-snippet":"max-snippet:-1","max-image-preview":"max-image-preview:large","max-video-preview":"max-video-preview:-1"},"canonical":"https:\/\/www.vallourec.com\/fr\/news\/le-siege-francais-de-vallourec-a-demenage\/","og_locale":"fr_FR","og_type":"article","og_title":"Le si\u00e8ge fran\u00e7ais de Vallourec a d\u00e9m\u00e9nag\u00e9 - Vallourec","og_description":"Fin ao\u00fbt, les salari\u00e9s du si\u00e8ge de Vallourec ont emm\u00e9nag\u00e9 dans leurs nouveaux locaux \u00e0 Meudon \u2014 \u00e0 deux kilom\u00e8tres de l\u2019ancien si\u00e8ge de Boulogne-Billancourt.","og_url":"https:\/\/www.vallourec.com\/fr\/news\/le-siege-francais-de-vallourec-a-demenage\/","og_site_name":"Vallourec","article_publisher":"https:\/\/fr-fr.facebook.com\/Vallourec\/","og_image":[{"width":2560,"height":2560,"url":"https:\/\/www.vallourec.com\/app\/uploads\/2021\/09\/20210914-Meudon-Campus-scaled.jpg","type":"image\/jpeg"}],"twitter_card":"summary_large_image","twitter_site":"@Vallourec","schema":{"@context":"https:\/\/schema.org","@graph":[{"@type":"WebPage","@id":"https:\/\/www.vallourec.com\/fr\/news\/le-siege-francais-de-vallourec-a-demenage\/","url":"https:\/\/www.vallourec.com\/fr\/news\/le-siege-francais-de-vallourec-a-demenage\/","name":"Le si\u00e8ge fran\u00e7ais de Vallourec a d\u00e9m\u00e9nag\u00e9 - Vallourec","isPartOf":{"@id":"https:\/\/www.vallourec.com\/fr\/#website"},"primaryImageOfPage":{"@id":"https:\/\/www.vallourec.com\/fr\/news\/le-siege-francais-de-vallourec-a-demenage\/#primaryimage"},"image":{"@id":"https:\/\/www.vallourec.com\/fr\/news\/le-siege-francais-de-vallourec-a-demenage\/#primaryimage"},"thumbnailUrl":"https:\/\/www.vallourec.com\/app\/uploads\/2021\/09\/20210914-Meudon-Campus-scaled.jpg","datePublished":"2021-09-13T09:00:00+00:00","breadcrumb":{"@id":"https:\/\/www.vallourec.com\/fr\/news\/le-siege-francais-de-vallourec-a-demenage\/#breadcrumb"},"inLanguage":"fr-FR","potentialAction":[{"@type":"ReadAction","target":["https:\/\/www.vallourec.com\/fr\/news\/le-siege-francais-de-vallourec-a-demenage\/"]}]},{"@type":"ImageObject","inLanguage":"fr-FR","@id":"https:\/\/www.vallourec.com\/fr\/news\/le-siege-francais-de-vallourec-a-demenage\/#primaryimage","url":"https:\/\/www.vallourec.com\/app\/uploads\/2021\/09\/20210914-Meudon-Campus-scaled.jpg","contentUrl":"https:\/\/www.vallourec.com\/app\/uploads\/2021\/09\/20210914-Meudon-Campus-scaled.jpg","width":2560,"height":2560},{"@type":"BreadcrumbList","@id":"https:\/\/www.vallourec.com\/fr\/news\/le-siege-francais-de-vallourec-a-demenage\/#breadcrumb","itemListElement":[{"@type":"ListItem","position":1,"name":"News","item":"https:\/\/www.vallourec.com\/fr\/news\/"},{"@type":"ListItem","position":2,"name":"Le si\u00e8ge fran\u00e7ais de Vallourec a d\u00e9m\u00e9nag\u00e9"}]},{"@type":"WebSite","@id":"https:\/\/www.vallourec.com\/fr\/#website","url":"https:\/\/www.vallourec.com\/fr\/","name":"Vallourec","description":"","publisher":{"@id":"https:\/\/www.vallourec.com\/fr\/#organization"},"potentialAction":[{"@type":"SearchAction","target":{"@type":"EntryPoint","urlTemplate":"https:\/\/www.vallourec.com\/fr\/?s={search_term_string}"},"query-input":{"@type":"PropertyValueSpecification","valueRequired":true,"valueName":"search_term_string"}}],"inLanguage":"fr-FR"},{"@type":"Organization","@id":"https:\/\/www.vallourec.com\/fr\/#organization","name":"Vallourec","url":"https:\/\/www.vallourec.com\/fr\/","logo":{"@type":"ImageObject","inLanguage":"fr-FR","@id":"https:\/\/www.vallourec.com\/fr\/#\/schema\/logo\/image\/","url":"https:\/\/www.vallourec.com\/app\/uploads\/2024\/11\/vallourec_logo.jpg","contentUrl":"https:\/\/www.vallourec.com\/app\/uploads\/2024\/11\/vallourec_logo.jpg","width":662,"height":500,"caption":"Vallourec"},"image":{"@id":"https:\/\/www.vallourec.com\/fr\/#\/schema\/logo\/image\/"},"sameAs":["https:\/\/fr-fr.facebook.com\/Vallourec\/","https:\/\/x.com\/Vallourec","https:\/\/www.instagram.com\/vallourec\/","https:\/\/fr.linkedin.com\/company\/vallourec","https:\/\/www.youtube.com\/channel\/UCgIl0xm1ANwajVkfCFvZr0w"]}]}},"_links":{"self":[{"href":"https:\/\/www.vallourec.com\/fr\/wp-json\/wp\/v2\/news\/5567","targetHints":{"allow":["GET"]}}],"collection":[{"href":"https:\/\/www.vallourec.com\/fr\/wp-json\/wp\/v2\/news"}],"about":[{"href":"https:\/\/www.vallourec.com\/fr\/wp-json\/wp\/v2\/types\/news"}],"version-history":[{"count":0,"href":"https:\/\/www.vallourec.com\/fr\/wp-json\/wp\/v2\/news\/5567\/revisions"}],"wp:featuredmedia":[{"embeddable":true,"href":"https:\/\/www.vallourec.com\/fr\/wp-json\/wp\/v2\/media\/5566"}],"wp:attachment":[{"href":"https:\/\/www.vallourec.com\/fr\/wp-json\/wp\/v2\/media?parent=5567"}],"wp:term":[{"taxonomy":"category","embeddable":true,"href":"https:\/\/www.vallourec.com\/fr\/wp-json\/wp\/v2\/categories?post=5567"},{"taxonomy":"post_tag","embeddable":true,"href":"https:\/\/www.vallourec.com\/fr\/wp-json\/wp\/v2\/tags?post=5567"}],"curies":[{"name":"wp","href":"https:\/\/api.w.org\/{rel}","templated":true}]}}