{"id":5271,"date":"2023-01-31T13:25:00","date_gmt":"2023-01-31T13:25:00","guid":{"rendered":"https:\/\/www.vallourec.com\/news\/evolution-de-la-direction-generale-de-vallourec\/"},"modified":"2023-01-31T13:25:00","modified_gmt":"2023-01-31T13:25:00","slug":"evolution-de-la-direction-generale-de-vallourec","status":"publish","type":"news","link":"https:\/\/www.vallourec.com\/fr\/news\/evolution-de-la-direction-generale-de-vallourec\/","title":{"rendered":"Evolution de la direction g\u00e9n\u00e9rale de Vallourec"},"content":{"rendered":"\t\t<div data-elementor-type=\"wp-post\" data-elementor-id=\"5271\" class=\"elementor elementor-5271 elementor-5268\">\n\t\t\t\t\t\t<section class=\"elementor-section elementor-top-section elementor-element elementor-element-e24fa0d elementor-section-full_width elementor-section-height-default elementor-section-height-default\" data-id=\"e24fa0d\" data-element_type=\"section\" data-e-type=\"section\">\n\t\t\t\t\t\t<div class=\"elementor-container elementor-column-gap-no\">\n\t\t\t\t\t<div class=\"elementor-column elementor-col-100 elementor-top-column elementor-element elementor-element-29e5c43\" data-id=\"29e5c43\" data-element_type=\"column\" data-e-type=\"column\">\n\t\t\t<div class=\"elementor-widget-wrap elementor-element-populated\">\n\t\t\t\t\t\t<div class=\"elementor-element elementor-element-fee18b5 elementor-widget elementor-widget-spacer\" data-id=\"fee18b5\" data-element_type=\"widget\" data-e-type=\"widget\" data-widget_type=\"spacer.default\">\n\t\t\t\t\t\t\t<div class=\"elementor-spacer\">\n\t\t\t<div class=\"elementor-spacer-inner\"><\/div>\n\t\t<\/div>\n\t\t\t\t\t\t<\/div>\n\t\t\t\t<div class=\"elementor-element elementor-element-5408c4f elementor-widget elementor-widget-text-editor\" data-id=\"5408c4f\" data-element_type=\"widget\" data-e-type=\"widget\" data-widget_type=\"text-editor.default\">\n\t\t\t\t\t\t\t\t\t<p><strong>Meudon, France, le 31 janvier 2023<\/strong>&nbsp;&#8211; Dans le cadre de son plan &laquo; New Vallourec &raquo;, conduit par\nPhilippe Guillemot, Pr&eacute;sident et Directeur-G&eacute;n&eacute;ral, le Groupe a d&eacute;velopp&eacute; une organisation en\ntrois r&eacute;gions (Am&eacute;rique du Nord, Am&eacute;rique du Sud, H&eacute;misph&egrave;re Est) dans le but de simplifier et\nd&rsquo;optimiser les op&eacute;rations. Cette nouvelle organisation vise &agrave; rendre le Groupe plus efficace et\nplus agile, au plus pr&egrave;s du client, et lui permettre d&rsquo;accro&icirc;tre sa performance industrielle,\nnotamment gr&acirc;ce &agrave; deux bases d&rsquo;export, le Br&eacute;sil et l&rsquo;Asie. <br>\n<br>\nCette nouvelle organisation a donn&eacute; lieu &agrave; des changements au sein de son comit&eacute;\nex&eacute;cutif, effectifs &agrave; compter du 1er f&eacute;vrier 2023 :<br><\/p>\t\t\t\t\t\t\t\t<\/div>\n\t\t\t\t<div class=\"elementor-element elementor-element-a8b7165 elementor-widget elementor-widget-spacer\" data-id=\"a8b7165\" data-element_type=\"widget\" data-e-type=\"widget\" data-widget_type=\"spacer.default\">\n\t\t\t\t\t\t\t<div class=\"elementor-spacer\">\n\t\t\t<div class=\"elementor-spacer-inner\"><\/div>\n\t\t<\/div>\n\t\t\t\t\t\t<\/div>\n\t\t\t\t<div class=\"elementor-element elementor-element-2f776d4 elementor-widget elementor-widget-spacer\" data-id=\"2f776d4\" data-element_type=\"widget\" data-e-type=\"widget\" data-widget_type=\"spacer.default\">\n\t\t\t\t\t\t\t<div class=\"elementor-spacer\">\n\t\t\t<div class=\"elementor-spacer-inner\"><\/div>\n\t\t<\/div>\n\t\t\t\t\t\t<\/div>\n\t\t\t\t<div class=\"elementor-element elementor-element-bc7689c elementor-widget elementor-widget-text-editor\" data-id=\"bc7689c\" data-element_type=\"widget\" data-e-type=\"widget\" data-widget_type=\"text-editor.default\">\n\t\t\t\t\t\t\t\t\t<p><ul>\n    <li><strong>Laurent Dubedout<\/strong> est nomm&eacute; Senior Vice-President, Business Line OCTG, Services &amp;\n    Accessories, Group &amp; Eastern Hemisphere et rejoint le Comit&eacute; Ex&eacute;cutif.<\/li>\n    <li>\n    <strong>Jacky Massaglia<\/strong> est nomm&eacute; Senior Vice-President, Business Line Project Line Pipe\n    and Process et rejoint le Comit&eacute; Ex&eacute;cutif<\/li>\n    <li><strong>Philippe Carlier<\/strong>, qui occupait la fonction de SVP Technologie et Industrie, devient SVP\n    Industrie Groupe et H&eacute;misph&egrave;re Est et conserve, &agrave; ce titre, son si&egrave;ge au Comit&eacute; Ex&eacute;cutif<\/li>\n    <li><strong>Hubert Paris<\/strong>, SVP Europe \/ Afrique, <strong>Didier Hornet<\/strong>, SVP D&eacute;veloppement et Innovation,\n    et <strong>Pascal Braquehais<\/strong>, SVP Moyent-Orient \/ Asie, quittent leurs fonctions et le Comit&eacute;\n    Ex&eacute;cutif.<\/li>\n<\/ul><\/p>\t\t\t\t\t\t\t\t<\/div>\n\t\t\t\t<div class=\"elementor-element elementor-element-9c854cc elementor-widget elementor-widget-spacer\" data-id=\"9c854cc\" data-element_type=\"widget\" data-e-type=\"widget\" data-widget_type=\"spacer.default\">\n\t\t\t\t\t\t\t<div class=\"elementor-spacer\">\n\t\t\t<div class=\"elementor-spacer-inner\"><\/div>\n\t\t<\/div>\n\t\t\t\t\t\t<\/div>\n\t\t\t\t\t<\/div>\n\t\t<\/div>\n\t\t\t\t\t<\/div>\n\t\t<\/section>\n\t\t\t\t<\/div>\n\t\t","protected":false},"excerpt":{"rendered":"<p>Cette nouvelle organisation a donn\u00e9 lieu \u00e0 des changements au sein de son comit\u00e9<br \/>\nex\u00e9cutif, effectifs \u00e0 compter du 1er f\u00e9vrier 2023<\/p>\n","protected":false},"author":0,"featured_media":5270,"template":"","meta":{"_acf_changed":false},"categories":[265],"tags":[],"class_list":["post-5271","news","type-news","status-publish","has-post-thumbnail","hentry","category-communique-de-presse-2"],"acf":[],"yoast_head":"<title>Evolution de la direction g\u00e9n\u00e9rale de Vallourec - Vallourec<\/title>\n<meta name=\"robots\" content=\"index, follow, max-snippet:-1, max-image-preview:large, max-video-preview:-1\" \/>\n<link rel=\"canonical\" href=\"https:\/\/www.vallourec.com\/fr\/news\/evolution-de-la-direction-generale-de-vallourec\/\" \/>\n<meta property=\"og:locale\" content=\"fr_FR\" \/>\n<meta property=\"og:type\" content=\"article\" \/>\n<meta property=\"og:title\" content=\"Evolution de la direction g\u00e9n\u00e9rale de Vallourec - Vallourec\" \/>\n<meta property=\"og:description\" content=\"Cette nouvelle organisation a donn\u00e9 lieu \u00e0 des changements au sein de son comit\u00e9 ex\u00e9cutif, effectifs \u00e0 compter du 1er f\u00e9vrier 2023\" \/>\n<meta property=\"og:url\" content=\"https:\/\/www.vallourec.com\/fr\/news\/evolution-de-la-direction-generale-de-vallourec\/\" \/>\n<meta property=\"og:site_name\" content=\"Vallourec\" \/>\n<meta property=\"article:publisher\" content=\"https:\/\/fr-fr.facebook.com\/Vallourec\/\" \/>\n<meta property=\"og:image\" content=\"https:\/\/www.vallourec.com\/app\/uploads\/2023\/02\/press-release-Appointments.jpg\" \/>\n\t<meta property=\"og:image:width\" content=\"1913\" \/>\n\t<meta property=\"og:image:height\" content=\"1264\" \/>\n\t<meta property=\"og:image:type\" content=\"image\/jpeg\" \/>\n<meta name=\"twitter:card\" content=\"summary_large_image\" \/>\n<meta name=\"twitter:site\" content=\"@Vallourec\" \/>\n<script type=\"application\/ld+json\" class=\"yoast-schema-graph\">{\"@context\":\"https:\\\/\\\/schema.org\",\"@graph\":[{\"@type\":\"WebPage\",\"@id\":\"https:\\\/\\\/www.vallourec.com\\\/fr\\\/news\\\/evolution-de-la-direction-generale-de-vallourec\\\/\",\"url\":\"https:\\\/\\\/www.vallourec.com\\\/fr\\\/news\\\/evolution-de-la-direction-generale-de-vallourec\\\/\",\"name\":\"Evolution de la direction g\u00e9n\u00e9rale de Vallourec - Vallourec\",\"isPartOf\":{\"@id\":\"https:\\\/\\\/www.vallourec.com\\\/fr\\\/#website\"},\"primaryImageOfPage\":{\"@id\":\"https:\\\/\\\/www.vallourec.com\\\/fr\\\/news\\\/evolution-de-la-direction-generale-de-vallourec\\\/#primaryimage\"},\"image\":{\"@id\":\"https:\\\/\\\/www.vallourec.com\\\/fr\\\/news\\\/evolution-de-la-direction-generale-de-vallourec\\\/#primaryimage\"},\"thumbnailUrl\":\"https:\\\/\\\/www.vallourec.com\\\/app\\\/uploads\\\/2023\\\/02\\\/press-release-Appointments.jpg\",\"datePublished\":\"2023-01-31T13:25:00+00:00\",\"breadcrumb\":{\"@id\":\"https:\\\/\\\/www.vallourec.com\\\/fr\\\/news\\\/evolution-de-la-direction-generale-de-vallourec\\\/#breadcrumb\"},\"inLanguage\":\"fr-FR\",\"potentialAction\":[{\"@type\":\"ReadAction\",\"target\":[\"https:\\\/\\\/www.vallourec.com\\\/fr\\\/news\\\/evolution-de-la-direction-generale-de-vallourec\\\/\"]}]},{\"@type\":\"ImageObject\",\"inLanguage\":\"fr-FR\",\"@id\":\"https:\\\/\\\/www.vallourec.com\\\/fr\\\/news\\\/evolution-de-la-direction-generale-de-vallourec\\\/#primaryimage\",\"url\":\"https:\\\/\\\/www.vallourec.com\\\/app\\\/uploads\\\/2023\\\/02\\\/press-release-Appointments.jpg\",\"contentUrl\":\"https:\\\/\\\/www.vallourec.com\\\/app\\\/uploads\\\/2023\\\/02\\\/press-release-Appointments.jpg\",\"width\":1913,\"height\":1264},{\"@type\":\"BreadcrumbList\",\"@id\":\"https:\\\/\\\/www.vallourec.com\\\/fr\\\/news\\\/evolution-de-la-direction-generale-de-vallourec\\\/#breadcrumb\",\"itemListElement\":[{\"@type\":\"ListItem\",\"position\":1,\"name\":\"News\",\"item\":\"https:\\\/\\\/www.vallourec.com\\\/fr\\\/news\\\/\"},{\"@type\":\"ListItem\",\"position\":2,\"name\":\"Evolution de la direction g\u00e9n\u00e9rale de Vallourec\"}]},{\"@type\":\"WebSite\",\"@id\":\"https:\\\/\\\/www.vallourec.com\\\/fr\\\/#website\",\"url\":\"https:\\\/\\\/www.vallourec.com\\\/fr\\\/\",\"name\":\"Vallourec\",\"description\":\"\",\"publisher\":{\"@id\":\"https:\\\/\\\/www.vallourec.com\\\/fr\\\/#organization\"},\"potentialAction\":[{\"@type\":\"SearchAction\",\"target\":{\"@type\":\"EntryPoint\",\"urlTemplate\":\"https:\\\/\\\/www.vallourec.com\\\/fr\\\/?s={search_term_string}\"},\"query-input\":{\"@type\":\"PropertyValueSpecification\",\"valueRequired\":true,\"valueName\":\"search_term_string\"}}],\"inLanguage\":\"fr-FR\"},{\"@type\":\"Organization\",\"@id\":\"https:\\\/\\\/www.vallourec.com\\\/fr\\\/#organization\",\"name\":\"Vallourec\",\"url\":\"https:\\\/\\\/www.vallourec.com\\\/fr\\\/\",\"logo\":{\"@type\":\"ImageObject\",\"inLanguage\":\"fr-FR\",\"@id\":\"https:\\\/\\\/www.vallourec.com\\\/fr\\\/#\\\/schema\\\/logo\\\/image\\\/\",\"url\":\"https:\\\/\\\/www.vallourec.com\\\/app\\\/uploads\\\/2024\\\/11\\\/vallourec_logo.jpg\",\"contentUrl\":\"https:\\\/\\\/www.vallourec.com\\\/app\\\/uploads\\\/2024\\\/11\\\/vallourec_logo.jpg\",\"width\":662,\"height\":500,\"caption\":\"Vallourec\"},\"image\":{\"@id\":\"https:\\\/\\\/www.vallourec.com\\\/fr\\\/#\\\/schema\\\/logo\\\/image\\\/\"},\"sameAs\":[\"https:\\\/\\\/fr-fr.facebook.com\\\/Vallourec\\\/\",\"https:\\\/\\\/x.com\\\/Vallourec\",\"https:\\\/\\\/www.instagram.com\\\/vallourec\\\/\",\"https:\\\/\\\/fr.linkedin.com\\\/company\\\/vallourec\",\"https:\\\/\\\/www.youtube.com\\\/channel\\\/UCgIl0xm1ANwajVkfCFvZr0w\"]}]}<\/script>","yoast_head_json":{"title":"Evolution de la direction g\u00e9n\u00e9rale de Vallourec - Vallourec","robots":{"index":"index","follow":"follow","max-snippet":"max-snippet:-1","max-image-preview":"max-image-preview:large","max-video-preview":"max-video-preview:-1"},"canonical":"https:\/\/www.vallourec.com\/fr\/news\/evolution-de-la-direction-generale-de-vallourec\/","og_locale":"fr_FR","og_type":"article","og_title":"Evolution de la direction g\u00e9n\u00e9rale de Vallourec - Vallourec","og_description":"Cette nouvelle organisation a donn\u00e9 lieu \u00e0 des changements au sein de son comit\u00e9 ex\u00e9cutif, effectifs \u00e0 compter du 1er f\u00e9vrier 2023","og_url":"https:\/\/www.vallourec.com\/fr\/news\/evolution-de-la-direction-generale-de-vallourec\/","og_site_name":"Vallourec","article_publisher":"https:\/\/fr-fr.facebook.com\/Vallourec\/","og_image":[{"width":1913,"height":1264,"url":"https:\/\/www.vallourec.com\/app\/uploads\/2023\/02\/press-release-Appointments.jpg","type":"image\/jpeg"}],"twitter_card":"summary_large_image","twitter_site":"@Vallourec","schema":{"@context":"https:\/\/schema.org","@graph":[{"@type":"WebPage","@id":"https:\/\/www.vallourec.com\/fr\/news\/evolution-de-la-direction-generale-de-vallourec\/","url":"https:\/\/www.vallourec.com\/fr\/news\/evolution-de-la-direction-generale-de-vallourec\/","name":"Evolution de la direction g\u00e9n\u00e9rale de Vallourec - Vallourec","isPartOf":{"@id":"https:\/\/www.vallourec.com\/fr\/#website"},"primaryImageOfPage":{"@id":"https:\/\/www.vallourec.com\/fr\/news\/evolution-de-la-direction-generale-de-vallourec\/#primaryimage"},"image":{"@id":"https:\/\/www.vallourec.com\/fr\/news\/evolution-de-la-direction-generale-de-vallourec\/#primaryimage"},"thumbnailUrl":"https:\/\/www.vallourec.com\/app\/uploads\/2023\/02\/press-release-Appointments.jpg","datePublished":"2023-01-31T13:25:00+00:00","breadcrumb":{"@id":"https:\/\/www.vallourec.com\/fr\/news\/evolution-de-la-direction-generale-de-vallourec\/#breadcrumb"},"inLanguage":"fr-FR","potentialAction":[{"@type":"ReadAction","target":["https:\/\/www.vallourec.com\/fr\/news\/evolution-de-la-direction-generale-de-vallourec\/"]}]},{"@type":"ImageObject","inLanguage":"fr-FR","@id":"https:\/\/www.vallourec.com\/fr\/news\/evolution-de-la-direction-generale-de-vallourec\/#primaryimage","url":"https:\/\/www.vallourec.com\/app\/uploads\/2023\/02\/press-release-Appointments.jpg","contentUrl":"https:\/\/www.vallourec.com\/app\/uploads\/2023\/02\/press-release-Appointments.jpg","width":1913,"height":1264},{"@type":"BreadcrumbList","@id":"https:\/\/www.vallourec.com\/fr\/news\/evolution-de-la-direction-generale-de-vallourec\/#breadcrumb","itemListElement":[{"@type":"ListItem","position":1,"name":"News","item":"https:\/\/www.vallourec.com\/fr\/news\/"},{"@type":"ListItem","position":2,"name":"Evolution de la direction g\u00e9n\u00e9rale de Vallourec"}]},{"@type":"WebSite","@id":"https:\/\/www.vallourec.com\/fr\/#website","url":"https:\/\/www.vallourec.com\/fr\/","name":"Vallourec","description":"","publisher":{"@id":"https:\/\/www.vallourec.com\/fr\/#organization"},"potentialAction":[{"@type":"SearchAction","target":{"@type":"EntryPoint","urlTemplate":"https:\/\/www.vallourec.com\/fr\/?s={search_term_string}"},"query-input":{"@type":"PropertyValueSpecification","valueRequired":true,"valueName":"search_term_string"}}],"inLanguage":"fr-FR"},{"@type":"Organization","@id":"https:\/\/www.vallourec.com\/fr\/#organization","name":"Vallourec","url":"https:\/\/www.vallourec.com\/fr\/","logo":{"@type":"ImageObject","inLanguage":"fr-FR","@id":"https:\/\/www.vallourec.com\/fr\/#\/schema\/logo\/image\/","url":"https:\/\/www.vallourec.com\/app\/uploads\/2024\/11\/vallourec_logo.jpg","contentUrl":"https:\/\/www.vallourec.com\/app\/uploads\/2024\/11\/vallourec_logo.jpg","width":662,"height":500,"caption":"Vallourec"},"image":{"@id":"https:\/\/www.vallourec.com\/fr\/#\/schema\/logo\/image\/"},"sameAs":["https:\/\/fr-fr.facebook.com\/Vallourec\/","https:\/\/x.com\/Vallourec","https:\/\/www.instagram.com\/vallourec\/","https:\/\/fr.linkedin.com\/company\/vallourec","https:\/\/www.youtube.com\/channel\/UCgIl0xm1ANwajVkfCFvZr0w"]}]}},"_links":{"self":[{"href":"https:\/\/www.vallourec.com\/fr\/wp-json\/wp\/v2\/news\/5271","targetHints":{"allow":["GET"]}}],"collection":[{"href":"https:\/\/www.vallourec.com\/fr\/wp-json\/wp\/v2\/news"}],"about":[{"href":"https:\/\/www.vallourec.com\/fr\/wp-json\/wp\/v2\/types\/news"}],"version-history":[{"count":0,"href":"https:\/\/www.vallourec.com\/fr\/wp-json\/wp\/v2\/news\/5271\/revisions"}],"wp:featuredmedia":[{"embeddable":true,"href":"https:\/\/www.vallourec.com\/fr\/wp-json\/wp\/v2\/media\/5270"}],"wp:attachment":[{"href":"https:\/\/www.vallourec.com\/fr\/wp-json\/wp\/v2\/media?parent=5271"}],"wp:term":[{"taxonomy":"category","embeddable":true,"href":"https:\/\/www.vallourec.com\/fr\/wp-json\/wp\/v2\/categories?post=5271"},{"taxonomy":"post_tag","embeddable":true,"href":"https:\/\/www.vallourec.com\/fr\/wp-json\/wp\/v2\/tags?post=5271"}],"curies":[{"name":"wp","href":"https:\/\/api.w.org\/{rel}","templated":true}]}}