{"id":3706,"date":"2021-04-14T12:57:00","date_gmt":"2021-04-14T12:57:00","guid":{"rendered":"https:\/\/www.vallourec.com\/news\/plan-de-refinancement-une-nouvelle-etape-cruciale-pour-le-groupe\/"},"modified":"2021-04-14T12:57:00","modified_gmt":"2021-04-14T12:57:00","slug":"plan-de-refinancement-une-nouvelle-etape-cruciale-pour-le-groupe","status":"publish","type":"news","link":"https:\/\/www.vallourec.com\/fr\/news\/plan-de-refinancement-une-nouvelle-etape-cruciale-pour-le-groupe\/","title":{"rendered":"Plan de refinancement, une nouvelle \u00e9tape cruciale pour le groupe"},"content":{"rendered":"\t\t<div data-elementor-type=\"wp-post\" data-elementor-id=\"3706\" class=\"elementor elementor-3706 elementor-3699\">\n\t\t\t\t\t\t<section class=\"elementor-section elementor-top-section elementor-element elementor-element-8c602ca elementor-section-full_width elementor-section-height-default elementor-section-height-default\" data-id=\"8c602ca\" data-element_type=\"section\" data-e-type=\"section\">\n\t\t\t\t\t\t<div class=\"elementor-container elementor-column-gap-no\">\n\t\t\t\t\t<div class=\"elementor-column elementor-col-100 elementor-top-column elementor-element elementor-element-64a0b94\" data-id=\"64a0b94\" data-element_type=\"column\" data-e-type=\"column\">\n\t\t\t<div class=\"elementor-widget-wrap elementor-element-populated\">\n\t\t\t\t\t\t<div class=\"elementor-element elementor-element-eb484cf elementor-widget elementor-widget-spacer\" data-id=\"eb484cf\" data-element_type=\"widget\" data-e-type=\"widget\" data-widget_type=\"spacer.default\">\n\t\t\t\t\t\t\t<div class=\"elementor-spacer\">\n\t\t\t<div class=\"elementor-spacer-inner\"><\/div>\n\t\t<\/div>\n\t\t\t\t\t\t<\/div>\n\t\t\t\t<div class=\"elementor-element elementor-element-e5da799 elementor-widget elementor-widget-title\" data-id=\"e5da799\" data-element_type=\"widget\" data-e-type=\"widget\" data-widget_type=\"title.default\">\n\t\t\t\t<div class=\"elementor-widget-container\">\n\t\t\t\t\t<div>\n      <h2 class=\"title-h2 text-left \" id=\"\">Plan de refinancement, une nouvelle &#233;tape cruciale pour le groupe<\/h2>\n  <\/div>\n\t\t\t\t<\/div>\n\t\t\t\t<\/div>\n\t\t\t\t<div class=\"elementor-element elementor-element-723cbb2 elementor-widget elementor-widget-text-editor\" data-id=\"723cbb2\" data-element_type=\"widget\" data-e-type=\"widget\" data-widget_type=\"text-editor.default\">\n\t\t\t\t\t\t\t\t\t<p><span style=\"color: #009ee0;\">14\/04\/2021 &#8211; D&#233;cryptage<\/span><\/p>\t\t\t\t\t\t\t\t<\/div>\n\t\t\t\t<div class=\"elementor-element elementor-element-1d15069 elementor-widget elementor-widget-spacer\" data-id=\"1d15069\" data-element_type=\"widget\" data-e-type=\"widget\" data-widget_type=\"spacer.default\">\n\t\t\t\t\t\t\t<div class=\"elementor-spacer\">\n\t\t\t<div class=\"elementor-spacer-inner\"><\/div>\n\t\t<\/div>\n\t\t\t\t\t\t<\/div>\n\t\t\t\t<div class=\"elementor-element elementor-element-0a810ac elementor-widget elementor-widget-spacer\" data-id=\"0a810ac\" data-element_type=\"widget\" data-e-type=\"widget\" data-widget_type=\"spacer.default\">\n\t\t\t\t\t\t\t<div class=\"elementor-spacer\">\n\t\t\t<div class=\"elementor-spacer-inner\"><\/div>\n\t\t<\/div>\n\t\t\t\t\t\t<\/div>\n\t\t\t\t<div class=\"elementor-element elementor-element-3e0c49e elementor-widget elementor-widget-text-editor\" data-id=\"3e0c49e\" data-element_type=\"widget\" data-e-type=\"widget\" data-widget_type=\"text-editor.default\">\n\t\t\t\t\t\t\t\t\t<p><b>03 f\u00e9vrier 2021 : Vallourec annonce avoir franchi une \u00e9tape majeure dans sa restructuration financi\u00e8re avec la conclusion d\u2019un accord de principe avec ses principaux cr\u00e9anciers et actionnaires. Celui-ci permettra au Groupe de parvenir \u00e0 une structure financi\u00e8re r\u00e9\u00e9quilibr\u00e9e, en r\u00e9duisant massivement son endettement et en s\u00e9curisant les liquidit\u00e9s n\u00e9cessaires pour lui permettre de d\u00e9ployer son plan strat\u00e9gique dans un environnement de march\u00e9 volatile. Explications.<\/b><br><\/p>\t\t\t\t\t\t\t\t<\/div>\n\t\t\t\t<div class=\"elementor-element elementor-element-518b6ac elementor-widget elementor-widget-spacer\" data-id=\"518b6ac\" data-element_type=\"widget\" data-e-type=\"widget\" data-widget_type=\"spacer.default\">\n\t\t\t\t\t\t\t<div class=\"elementor-spacer\">\n\t\t\t<div class=\"elementor-spacer-inner\"><\/div>\n\t\t<\/div>\n\t\t\t\t\t\t<\/div>\n\t\t\t\t<div class=\"elementor-element elementor-element-274a13b elementor-widget elementor-widget-text-editor\" data-id=\"274a13b\" data-element_type=\"widget\" data-e-type=\"widget\" data-widget_type=\"text-editor.default\">\n\t\t\t\t\t\t\t\t\t<p><span style=\"color: #009ee0;\">Un processus complexe, chamboul&#233; par la crise sanitaire<\/span><\/p>\t\t\t\t\t\t\t\t<\/div>\n\t\t\t\t<div class=\"elementor-element elementor-element-0b9aaf9 elementor-widget elementor-widget-spacer\" data-id=\"0b9aaf9\" data-element_type=\"widget\" data-e-type=\"widget\" data-widget_type=\"spacer.default\">\n\t\t\t\t\t\t\t<div class=\"elementor-spacer\">\n\t\t\t<div class=\"elementor-spacer-inner\"><\/div>\n\t\t<\/div>\n\t\t\t\t\t\t<\/div>\n\t\t\t\t<div class=\"elementor-element elementor-element-17f2793 elementor-widget elementor-widget-spacer\" data-id=\"17f2793\" data-element_type=\"widget\" data-e-type=\"widget\" data-widget_type=\"spacer.default\">\n\t\t\t\t\t\t\t<div class=\"elementor-spacer\">\n\t\t\t<div class=\"elementor-spacer-inner\"><\/div>\n\t\t<\/div>\n\t\t\t\t\t\t<\/div>\n\t\t\t\t<div class=\"elementor-element elementor-element-e87addd elementor-widget elementor-widget-text-editor\" data-id=\"e87addd\" data-element_type=\"widget\" data-e-type=\"widget\" data-widget_type=\"text-editor.default\">\n\t\t\t\t\t\t\t\t\t<p>D\u00e9but 2020, Vallourec sait qu\u2019il devra en fin d\u2019ann\u00e9e \u00eatre au rendez-vous pour r\u00e9pondre aux obligations de remboursement d\u2019une grande partie de sa dette contract\u00e9e lors de la crise pr\u00e9c\u00e9dente. Ses perspectives de r\u00e9sultat et de cash-flow positif en raison de sa comp\u00e9titivit\u00e9 retrouv\u00e9e et de sa dynamique commerciale lui permettent de pr\u00e9parer et d\u2019annoncer une augmentation de capital et une extension des lignes bancaires. <br><br>La pand\u00e9mie et la crise \u00e9conomique qui en a r\u00e9sult\u00e9 ont remis en cause ces op\u00e9rations et contraint le Groupe \u00e0 trouver une autre voie. C\u2019est d\u00e9sormais chose faite gr\u00e2ce \u00e0 cet accord de principe qui vise un d\u00e9sendettement majeur de 1,8 milliard d\u2019euros \u2013 soit un peu plus de la moiti\u00e9 de la dette brute de Vallourec SA (voir encadr\u00e9), le refinancement de sa dette r\u00e9siduelle sur une maturit\u00e9 de cinq ans et la conservation de sa tr\u00e9sorerie disponible (1,4 milliard d\u2019euros). <br><br>\u00ab Ce bilan r\u00e9\u00e9quilibr\u00e9 nous permettra de nous concentrer sur notre plan strat\u00e9gique, tandis que notre solide liquidit\u00e9 nous donnera toute la robustesse n\u00e9cessaire pour faire face \u00e0 la volatilit\u00e9 de nos march\u00e9s \u00bb, explique Olivier Mallet, membre du directoire, directeur financier et juridique.<\/p>\t\t\t\t\t\t\t\t<\/div>\n\t\t\t\t<div class=\"elementor-element elementor-element-b6dc90a elementor-widget elementor-widget-spacer\" data-id=\"b6dc90a\" data-element_type=\"widget\" data-e-type=\"widget\" data-widget_type=\"spacer.default\">\n\t\t\t\t\t\t\t<div class=\"elementor-spacer\">\n\t\t\t<div class=\"elementor-spacer-inner\"><\/div>\n\t\t<\/div>\n\t\t\t\t\t\t<\/div>\n\t\t\t\t<div class=\"elementor-element elementor-element-d6f1f30 elementor-widget elementor-widget-spacer\" data-id=\"d6f1f30\" data-element_type=\"widget\" data-e-type=\"widget\" data-widget_type=\"spacer.default\">\n\t\t\t\t\t\t\t<div class=\"elementor-spacer\">\n\t\t\t<div class=\"elementor-spacer-inner\"><\/div>\n\t\t<\/div>\n\t\t\t\t\t\t<\/div>\n\t\t\t\t<div class=\"elementor-element elementor-element-63ca8d8 elementor-widget elementor-widget-testimonial\" data-id=\"63ca8d8\" data-element_type=\"widget\" data-e-type=\"widget\" data-widget_type=\"testimonial.default\">\n\t\t\t\t<div class=\"elementor-widget-container\">\n\t\t\t\t\t<div class=\"testimonial w-full md:mt-[79px] md:mb-[44px] my-0 relative\">\n  <div class=\"md:block hidden absolute right-0 -top-[79px] custom-padding-right\"><svg width=\"146\" height=\"146\" viewBox=\"0 0 146 146\" fill=\"none\" xmlns=\"http:\/\/www.w3.org\/2000\/svg\">\n    <path d=\"M125.143 72.2502H84.1787V11.1787H145.25V73.0002C145.25 106.84 117.924 134.414 84.1787 134.817V115.458C107.249 115.056 125.893 96.1647 125.893 73.0002V72.2502H125.143Z\"\n        stroke=\"#009EE0\" stroke-width=\"1.5\" \/>\n    <path d=\"M41.7142 72.2502H0.75V11.1787H61.8215V73.0002C61.8215 106.84 34.4956 134.414 0.75 134.817V115.458C23.8204 115.056 42.4642 96.1647 42.4642 73.0002V72.2502H41.7142Z\"\n        stroke=\"#009EE0\" stroke-width=\"1.5\" \/>\n<\/svg>\n<\/div>\n            <picture class=\"block h-[314px] md:h-[442px] mx-auto md:mx-none w-full max-w-[280px] md:w-[295px] md:-top-[77px] rounded-lg relative md:absolute shadow shadow-1 overflow-hidden\">\n        <source srcset=\"\" media=\"(max-width: 768px)\">\n        <img decoding=\"async\" src=\"https:\/\/www.vallourec.com\/app\/uploads\/2023\/09\/7X6A9665.png\" alt=\"\" loading=\"lazy\" class=\"w-full h-auto min-w-full min-h-full object-cover select-none pointer-events-none\">\n      <\/picture>\n        <div class=\"relative -z-10 flex flex-col min-h-[321px] md:pt-[55px] md:custom-padding-right p-4 md:pl-[109px] md:ml-[234px] md:mt-0 mt-12 rounded-lg md:rounded-none bg-blue-secondary-200\">\n    <div class=\"block md:hidden absolute right-0 -top-[30px]\"><svg width=\"50\" height=\"50\" viewBox=\"0 0 50 50\" fill=\"none\" xmlns=\"http:\/\/www.w3.org\/2000\/svg\">\n<path d=\"M42.857 24.2501H29.3213V4.32153H49.2499V25.0001C49.2499 36.1513 40.3775 45.2692 29.3213 45.6653V40.0174C37.2654 39.6253 43.607 33.0399 43.607 25.0001V24.2501H42.857Z\" stroke=\"#009EE0\" stroke-width=\"1.5\"\/>\n<path d=\"M14.2857 24.2499H0.75V4.32129H20.6786V24.9999C20.6786 36.1511 11.8062 45.269 0.75 45.6651V40.0171C8.69411 39.6251 15.0357 33.0396 15.0357 24.9999V24.2499H14.2857Z\" stroke=\"#009EE0\" stroke-width=\"1.5\"\/>\n<\/svg>\n<\/div>\n    <div class=\"pb-[24px] text-blue-secondary-800 italic leading-[40px] flex flex-col justify-center flex-1\">Ce bilan r\u00e9\u00e9quilibr\u00e9 nous permettra de nous concentrer sur notre plan strat\u00e9gique, tandis que notre solide liquidit\u00e9 nous donnera toute la robustesse n\u00e9cessaire pour faire face \u00e0 la volatilit\u00e9 de nos march\u00e9s<\/div>\n    <div class=\"pb-[28px] flex flex-col\">\n      <div class=\"title-h6\">Olivier Mallet<\/div>\n      <div class=\"text-subtitle text-grey-700\"><\/div>\n    <\/div>\n  <\/div>\n<\/div>\n\t\t\t\t<\/div>\n\t\t\t\t<\/div>\n\t\t\t\t<div class=\"elementor-element elementor-element-cf7233b elementor-widget elementor-widget-spacer\" data-id=\"cf7233b\" data-element_type=\"widget\" data-e-type=\"widget\" data-widget_type=\"spacer.default\">\n\t\t\t\t\t\t\t<div class=\"elementor-spacer\">\n\t\t\t<div class=\"elementor-spacer-inner\"><\/div>\n\t\t<\/div>\n\t\t\t\t\t\t<\/div>\n\t\t\t\t<div class=\"elementor-element elementor-element-2e750bf elementor-widget elementor-widget-text-editor\" data-id=\"2e750bf\" data-element_type=\"widget\" data-e-type=\"widget\" data-widget_type=\"text-editor.default\">\n\t\t\t\t\t\t\t\t\t<p><span style=\"color: #009ee0;\">Un nouvel &#233;quilibre actionnarial<\/span><\/p>\t\t\t\t\t\t\t\t<\/div>\n\t\t\t\t<div class=\"elementor-element elementor-element-9f296c5 elementor-widget elementor-widget-spacer\" data-id=\"9f296c5\" data-element_type=\"widget\" data-e-type=\"widget\" data-widget_type=\"spacer.default\">\n\t\t\t\t\t\t\t<div class=\"elementor-spacer\">\n\t\t\t<div class=\"elementor-spacer-inner\"><\/div>\n\t\t<\/div>\n\t\t\t\t\t\t<\/div>\n\t\t\t\t<div class=\"elementor-element elementor-element-25ca2a8 elementor-widget elementor-widget-spacer\" data-id=\"25ca2a8\" data-element_type=\"widget\" data-e-type=\"widget\" data-widget_type=\"spacer.default\">\n\t\t\t\t\t\t\t<div class=\"elementor-spacer\">\n\t\t\t<div class=\"elementor-spacer-inner\"><\/div>\n\t\t<\/div>\n\t\t\t\t\t\t<\/div>\n\t\t\t\t<div class=\"elementor-element elementor-element-1617dfc elementor-widget elementor-widget-text-editor\" data-id=\"1617dfc\" data-element_type=\"widget\" data-e-type=\"widget\" data-widget_type=\"text-editor.default\">\n\t\t\t\t\t\t\t\t\t<p>Cette restructuration financi\u00e8re s\u2019accompagne de l\u2019arriv\u00e9e de deux nouveaux investisseurs, Apollo et SVPGlobal, qui deviendront les deux actionnaires ayant les participations les plus importantes. \u00ab Ces deux fonds ont une forte exp\u00e9rience de nos march\u00e9s et ont d\u00e9j\u00e0 r\u00e9ussi de tels projets d\u2019investissement en Europe et en France. <br><br>Avec leurs participations significatives, ils ont exprim\u00e9 leur confiance dans notre capacit\u00e9 de rebond \u00bb, commente \u00c9douard Guinotte, Pr\u00e9sident du directoire du Groupe. Les actionnaires historiques, Nippon Steel et BPI, ont \u00e9galement t\u00e9moign\u00e9 de leur soutien au plan de restructuration en d\u00e9cidant de participer \u00e0 l\u2019augmentation de capital avec droit pr\u00e9f\u00e9rentiel de souscription (DPS). Ils verront n\u00e9anmoins leur part au capital r\u00e9duite. <br><br>Ce plan sera soumis au vote lors de la prochaine assembl\u00e9e g\u00e9n\u00e9rale du Groupe le 20 avril 2021.<\/p>\t\t\t\t\t\t\t\t<\/div>\n\t\t\t\t<div class=\"elementor-element elementor-element-1704b8f elementor-widget elementor-widget-spacer\" data-id=\"1704b8f\" data-element_type=\"widget\" data-e-type=\"widget\" data-widget_type=\"spacer.default\">\n\t\t\t\t\t\t\t<div class=\"elementor-spacer\">\n\t\t\t<div class=\"elementor-spacer-inner\"><\/div>\n\t\t<\/div>\n\t\t\t\t\t\t<\/div>\n\t\t\t\t<div class=\"elementor-element elementor-element-6531df8 elementor-widget elementor-widget-spacer\" data-id=\"6531df8\" data-element_type=\"widget\" data-e-type=\"widget\" data-widget_type=\"spacer.default\">\n\t\t\t\t\t\t\t<div class=\"elementor-spacer\">\n\t\t\t<div class=\"elementor-spacer-inner\"><\/div>\n\t\t<\/div>\n\t\t\t\t\t\t<\/div>\n\t\t\t\t<div class=\"elementor-element elementor-element-b60f8f2 elementor-widget elementor-widget-text_image\" data-id=\"b60f8f2\" data-element_type=\"widget\" data-e-type=\"widget\" data-widget_type=\"text_image.default\">\n\t\t\t\t<div class=\"elementor-widget-container\">\n\t\t\t\t\t<div class=\"apply-vallourec-typo\">\n      <div class=\"block sm:flex\">\n      <picture class=\"block sm:hidden w-full mb-4\">\n        <source srcset=\"https:\/\/www.vallourec.com\/app\/uploads\/2023\/09\/Offshore_Platform-VLR-14579.jpg\" media=\"(max-width: 768px)\">\n        <img decoding=\"async\" src=\"https:\/\/www.vallourec.com\/app\/uploads\/2023\/09\/Offshore_Platform-VLR-14579.jpg\" alt=\"\" loading=\"lazy\" class=\"w-full h-auto min-w-full min-h-full object-cover select-none pointer-events-none\">\n      <\/picture>\n      <div class=\"sm:w-1\/2 w-full sm:pr-2 pr-0 flex-col flex justify-top\">\n                  <picture class=\"hidden sm:block w-full mb-4\">\n            <source srcset=\"https:\/\/www.vallourec.com\/app\/uploads\/2023\/09\/Offshore_Platform-VLR-14579.jpg\" media=\"(max-width: 768px)\">\n            <img decoding=\"async\" src=\"https:\/\/www.vallourec.com\/app\/uploads\/2023\/09\/Offshore_Platform-VLR-14579.jpg\" alt=\"\" loading=\"lazy\" class=\"w-full h-auto min-w-full min-h-full object-cover select-none pointer-events-none\">\n          <\/picture>\n                \n      <\/div>\n      <div class=\"sm:w-1\/2 w-full sm:pl-2 pl-0 flex-col flex justify-top\">\n                <p><span style=\"color: #009ee0;\">Concr&#232;tement, ce d&#233;sendettement majeur de 1,8 milliard d\u2019euros sera obtenu gr&#226;ce &#224; :<\/span><\/p>\n      <\/div>\n    <\/div>\n  <\/div>\n\t\t\t\t<\/div>\n\t\t\t\t<\/div>\n\t\t\t\t<div class=\"elementor-element elementor-element-136e5f7 elementor-widget elementor-widget-spacer\" data-id=\"136e5f7\" data-element_type=\"widget\" data-e-type=\"widget\" data-widget_type=\"spacer.default\">\n\t\t\t\t\t\t\t<div class=\"elementor-spacer\">\n\t\t\t<div class=\"elementor-spacer-inner\"><\/div>\n\t\t<\/div>\n\t\t\t\t\t\t<\/div>\n\t\t\t\t<div class=\"elementor-element elementor-element-56dcf68 elementor-widget elementor-widget-spacer\" data-id=\"56dcf68\" data-element_type=\"widget\" data-e-type=\"widget\" data-widget_type=\"spacer.default\">\n\t\t\t\t\t\t\t<div class=\"elementor-spacer\">\n\t\t\t<div class=\"elementor-spacer-inner\"><\/div>\n\t\t<\/div>\n\t\t\t\t\t\t<\/div>\n\t\t\t\t<div class=\"elementor-element elementor-element-77498b1 elementor-widget elementor-widget-button\" data-id=\"77498b1\" data-element_type=\"widget\" data-e-type=\"widget\" data-widget_type=\"button.default\">\n\t\t\t\t<div class=\"elementor-widget-container\">\n\t\t\t\t\t<div class=\"text-left\">\n      <a class=\"no-underline\" href=\"https:\/\/www.vallourec.com\" target=\"_self\">\n      <button class=\"btn btn-primary my-1\">\n        <span class=\"pr-3 fas fa-chevron-right\"><\/span>        Revenir &agrave; la home page de The Tube\n      <\/button>\n    <\/a>\n  <\/div>\n\t\t\t\t<\/div>\n\t\t\t\t<\/div>\n\t\t\t\t<div class=\"elementor-element elementor-element-e349d5c elementor-widget elementor-widget-spacer\" data-id=\"e349d5c\" data-element_type=\"widget\" data-e-type=\"widget\" data-widget_type=\"spacer.default\">\n\t\t\t\t\t\t\t<div class=\"elementor-spacer\">\n\t\t\t<div class=\"elementor-spacer-inner\"><\/div>\n\t\t<\/div>\n\t\t\t\t\t\t<\/div>\n\t\t\t\t\t<\/div>\n\t\t<\/div>\n\t\t\t\t\t<\/div>\n\t\t<\/section>\n\t\t\t\t<\/div>\n\t\t","protected":false},"excerpt":{"rendered":"<p>Vallourec franchit une \u00e9tape majeure dans sa restructuration financi\u00e8re avec la conclusion d\u2019un accord de principe avec ses principaux cr\u00e9anciers et actionnaires.<\/p>\n","protected":false},"author":0,"featured_media":3701,"template":"","meta":{"_acf_changed":false},"categories":[214],"tags":[],"class_list":["post-3706","news","type-news","status-publish","has-post-thumbnail","hentry","category-finance-fr"],"acf":[],"yoast_head":"<title>Plan de refinancement, une nouvelle \u00e9tape cruciale pour le groupe - Vallourec<\/title>\n<meta name=\"robots\" content=\"index, follow, max-snippet:-1, max-image-preview:large, max-video-preview:-1\" \/>\n<link rel=\"canonical\" href=\"https:\/\/www.vallourec.com\/fr\/news\/plan-de-refinancement-une-nouvelle-etape-cruciale-pour-le-groupe\/\" \/>\n<meta property=\"og:locale\" content=\"fr_FR\" \/>\n<meta property=\"og:type\" content=\"article\" \/>\n<meta property=\"og:title\" content=\"Plan de refinancement, une nouvelle \u00e9tape cruciale pour le groupe - Vallourec\" \/>\n<meta property=\"og:description\" content=\"Vallourec franchit une \u00e9tape majeure dans sa restructuration financi\u00e8re avec la conclusion d\u2019un accord de principe avec ses principaux cr\u00e9anciers et actionnaires.\" \/>\n<meta property=\"og:url\" content=\"https:\/\/www.vallourec.com\/fr\/news\/plan-de-refinancement-une-nouvelle-etape-cruciale-pour-le-groupe\/\" \/>\n<meta property=\"og:site_name\" content=\"Vallourec\" \/>\n<meta property=\"article:publisher\" content=\"https:\/\/fr-fr.facebook.com\/Vallourec\/\" \/>\n<meta property=\"og:image\" content=\"https:\/\/www.vallourec.com\/app\/uploads\/2021\/04\/Stock_Yard-Kosasi_S__Cworks_Production-VLR-26576-scaled.jpg\" \/>\n\t<meta property=\"og:image:width\" content=\"2560\" \/>\n\t<meta property=\"og:image:height\" content=\"1707\" \/>\n\t<meta property=\"og:image:type\" content=\"image\/jpeg\" \/>\n<meta name=\"twitter:card\" content=\"summary_large_image\" \/>\n<meta name=\"twitter:site\" content=\"@Vallourec\" \/>\n<script type=\"application\/ld+json\" class=\"yoast-schema-graph\">{\"@context\":\"https:\\\/\\\/schema.org\",\"@graph\":[{\"@type\":\"WebPage\",\"@id\":\"https:\\\/\\\/www.vallourec.com\\\/fr\\\/news\\\/plan-de-refinancement-une-nouvelle-etape-cruciale-pour-le-groupe\\\/\",\"url\":\"https:\\\/\\\/www.vallourec.com\\\/fr\\\/news\\\/plan-de-refinancement-une-nouvelle-etape-cruciale-pour-le-groupe\\\/\",\"name\":\"Plan de refinancement, une nouvelle \u00e9tape cruciale pour le groupe - Vallourec\",\"isPartOf\":{\"@id\":\"https:\\\/\\\/www.vallourec.com\\\/fr\\\/#website\"},\"primaryImageOfPage\":{\"@id\":\"https:\\\/\\\/www.vallourec.com\\\/fr\\\/news\\\/plan-de-refinancement-une-nouvelle-etape-cruciale-pour-le-groupe\\\/#primaryimage\"},\"image\":{\"@id\":\"https:\\\/\\\/www.vallourec.com\\\/fr\\\/news\\\/plan-de-refinancement-une-nouvelle-etape-cruciale-pour-le-groupe\\\/#primaryimage\"},\"thumbnailUrl\":\"https:\\\/\\\/www.vallourec.com\\\/app\\\/uploads\\\/2021\\\/04\\\/Stock_Yard-Kosasi_S__Cworks_Production-VLR-26576-scaled.jpg\",\"datePublished\":\"2021-04-14T12:57:00+00:00\",\"breadcrumb\":{\"@id\":\"https:\\\/\\\/www.vallourec.com\\\/fr\\\/news\\\/plan-de-refinancement-une-nouvelle-etape-cruciale-pour-le-groupe\\\/#breadcrumb\"},\"inLanguage\":\"fr-FR\",\"potentialAction\":[{\"@type\":\"ReadAction\",\"target\":[\"https:\\\/\\\/www.vallourec.com\\\/fr\\\/news\\\/plan-de-refinancement-une-nouvelle-etape-cruciale-pour-le-groupe\\\/\"]}]},{\"@type\":\"ImageObject\",\"inLanguage\":\"fr-FR\",\"@id\":\"https:\\\/\\\/www.vallourec.com\\\/fr\\\/news\\\/plan-de-refinancement-une-nouvelle-etape-cruciale-pour-le-groupe\\\/#primaryimage\",\"url\":\"https:\\\/\\\/www.vallourec.com\\\/app\\\/uploads\\\/2021\\\/04\\\/Stock_Yard-Kosasi_S__Cworks_Production-VLR-26576-scaled.jpg\",\"contentUrl\":\"https:\\\/\\\/www.vallourec.com\\\/app\\\/uploads\\\/2021\\\/04\\\/Stock_Yard-Kosasi_S__Cworks_Production-VLR-26576-scaled.jpg\",\"width\":2560,\"height\":1707},{\"@type\":\"BreadcrumbList\",\"@id\":\"https:\\\/\\\/www.vallourec.com\\\/fr\\\/news\\\/plan-de-refinancement-une-nouvelle-etape-cruciale-pour-le-groupe\\\/#breadcrumb\",\"itemListElement\":[{\"@type\":\"ListItem\",\"position\":1,\"name\":\"News\",\"item\":\"https:\\\/\\\/www.vallourec.com\\\/fr\\\/news\\\/\"},{\"@type\":\"ListItem\",\"position\":2,\"name\":\"Plan de refinancement, une nouvelle \u00e9tape cruciale pour le groupe\"}]},{\"@type\":\"WebSite\",\"@id\":\"https:\\\/\\\/www.vallourec.com\\\/fr\\\/#website\",\"url\":\"https:\\\/\\\/www.vallourec.com\\\/fr\\\/\",\"name\":\"Vallourec\",\"description\":\"\",\"publisher\":{\"@id\":\"https:\\\/\\\/www.vallourec.com\\\/fr\\\/#organization\"},\"potentialAction\":[{\"@type\":\"SearchAction\",\"target\":{\"@type\":\"EntryPoint\",\"urlTemplate\":\"https:\\\/\\\/www.vallourec.com\\\/fr\\\/?s={search_term_string}\"},\"query-input\":{\"@type\":\"PropertyValueSpecification\",\"valueRequired\":true,\"valueName\":\"search_term_string\"}}],\"inLanguage\":\"fr-FR\"},{\"@type\":\"Organization\",\"@id\":\"https:\\\/\\\/www.vallourec.com\\\/fr\\\/#organization\",\"name\":\"Vallourec\",\"url\":\"https:\\\/\\\/www.vallourec.com\\\/fr\\\/\",\"logo\":{\"@type\":\"ImageObject\",\"inLanguage\":\"fr-FR\",\"@id\":\"https:\\\/\\\/www.vallourec.com\\\/fr\\\/#\\\/schema\\\/logo\\\/image\\\/\",\"url\":\"https:\\\/\\\/www.vallourec.com\\\/app\\\/uploads\\\/2024\\\/11\\\/vallourec_logo.jpg\",\"contentUrl\":\"https:\\\/\\\/www.vallourec.com\\\/app\\\/uploads\\\/2024\\\/11\\\/vallourec_logo.jpg\",\"width\":662,\"height\":500,\"caption\":\"Vallourec\"},\"image\":{\"@id\":\"https:\\\/\\\/www.vallourec.com\\\/fr\\\/#\\\/schema\\\/logo\\\/image\\\/\"},\"sameAs\":[\"https:\\\/\\\/fr-fr.facebook.com\\\/Vallourec\\\/\",\"https:\\\/\\\/x.com\\\/Vallourec\",\"https:\\\/\\\/www.instagram.com\\\/vallourec\\\/\",\"https:\\\/\\\/fr.linkedin.com\\\/company\\\/vallourec\",\"https:\\\/\\\/www.youtube.com\\\/channel\\\/UCgIl0xm1ANwajVkfCFvZr0w\"]}]}<\/script>","yoast_head_json":{"title":"Plan de refinancement, une nouvelle \u00e9tape cruciale pour le groupe - Vallourec","robots":{"index":"index","follow":"follow","max-snippet":"max-snippet:-1","max-image-preview":"max-image-preview:large","max-video-preview":"max-video-preview:-1"},"canonical":"https:\/\/www.vallourec.com\/fr\/news\/plan-de-refinancement-une-nouvelle-etape-cruciale-pour-le-groupe\/","og_locale":"fr_FR","og_type":"article","og_title":"Plan de refinancement, une nouvelle \u00e9tape cruciale pour le groupe - Vallourec","og_description":"Vallourec franchit une \u00e9tape majeure dans sa restructuration financi\u00e8re avec la conclusion d\u2019un accord de principe avec ses principaux cr\u00e9anciers et actionnaires.","og_url":"https:\/\/www.vallourec.com\/fr\/news\/plan-de-refinancement-une-nouvelle-etape-cruciale-pour-le-groupe\/","og_site_name":"Vallourec","article_publisher":"https:\/\/fr-fr.facebook.com\/Vallourec\/","og_image":[{"width":2560,"height":1707,"url":"https:\/\/www.vallourec.com\/app\/uploads\/2021\/04\/Stock_Yard-Kosasi_S__Cworks_Production-VLR-26576-scaled.jpg","type":"image\/jpeg"}],"twitter_card":"summary_large_image","twitter_site":"@Vallourec","schema":{"@context":"https:\/\/schema.org","@graph":[{"@type":"WebPage","@id":"https:\/\/www.vallourec.com\/fr\/news\/plan-de-refinancement-une-nouvelle-etape-cruciale-pour-le-groupe\/","url":"https:\/\/www.vallourec.com\/fr\/news\/plan-de-refinancement-une-nouvelle-etape-cruciale-pour-le-groupe\/","name":"Plan de refinancement, une nouvelle \u00e9tape cruciale pour le groupe - Vallourec","isPartOf":{"@id":"https:\/\/www.vallourec.com\/fr\/#website"},"primaryImageOfPage":{"@id":"https:\/\/www.vallourec.com\/fr\/news\/plan-de-refinancement-une-nouvelle-etape-cruciale-pour-le-groupe\/#primaryimage"},"image":{"@id":"https:\/\/www.vallourec.com\/fr\/news\/plan-de-refinancement-une-nouvelle-etape-cruciale-pour-le-groupe\/#primaryimage"},"thumbnailUrl":"https:\/\/www.vallourec.com\/app\/uploads\/2021\/04\/Stock_Yard-Kosasi_S__Cworks_Production-VLR-26576-scaled.jpg","datePublished":"2021-04-14T12:57:00+00:00","breadcrumb":{"@id":"https:\/\/www.vallourec.com\/fr\/news\/plan-de-refinancement-une-nouvelle-etape-cruciale-pour-le-groupe\/#breadcrumb"},"inLanguage":"fr-FR","potentialAction":[{"@type":"ReadAction","target":["https:\/\/www.vallourec.com\/fr\/news\/plan-de-refinancement-une-nouvelle-etape-cruciale-pour-le-groupe\/"]}]},{"@type":"ImageObject","inLanguage":"fr-FR","@id":"https:\/\/www.vallourec.com\/fr\/news\/plan-de-refinancement-une-nouvelle-etape-cruciale-pour-le-groupe\/#primaryimage","url":"https:\/\/www.vallourec.com\/app\/uploads\/2021\/04\/Stock_Yard-Kosasi_S__Cworks_Production-VLR-26576-scaled.jpg","contentUrl":"https:\/\/www.vallourec.com\/app\/uploads\/2021\/04\/Stock_Yard-Kosasi_S__Cworks_Production-VLR-26576-scaled.jpg","width":2560,"height":1707},{"@type":"BreadcrumbList","@id":"https:\/\/www.vallourec.com\/fr\/news\/plan-de-refinancement-une-nouvelle-etape-cruciale-pour-le-groupe\/#breadcrumb","itemListElement":[{"@type":"ListItem","position":1,"name":"News","item":"https:\/\/www.vallourec.com\/fr\/news\/"},{"@type":"ListItem","position":2,"name":"Plan de refinancement, une nouvelle \u00e9tape cruciale pour le groupe"}]},{"@type":"WebSite","@id":"https:\/\/www.vallourec.com\/fr\/#website","url":"https:\/\/www.vallourec.com\/fr\/","name":"Vallourec","description":"","publisher":{"@id":"https:\/\/www.vallourec.com\/fr\/#organization"},"potentialAction":[{"@type":"SearchAction","target":{"@type":"EntryPoint","urlTemplate":"https:\/\/www.vallourec.com\/fr\/?s={search_term_string}"},"query-input":{"@type":"PropertyValueSpecification","valueRequired":true,"valueName":"search_term_string"}}],"inLanguage":"fr-FR"},{"@type":"Organization","@id":"https:\/\/www.vallourec.com\/fr\/#organization","name":"Vallourec","url":"https:\/\/www.vallourec.com\/fr\/","logo":{"@type":"ImageObject","inLanguage":"fr-FR","@id":"https:\/\/www.vallourec.com\/fr\/#\/schema\/logo\/image\/","url":"https:\/\/www.vallourec.com\/app\/uploads\/2024\/11\/vallourec_logo.jpg","contentUrl":"https:\/\/www.vallourec.com\/app\/uploads\/2024\/11\/vallourec_logo.jpg","width":662,"height":500,"caption":"Vallourec"},"image":{"@id":"https:\/\/www.vallourec.com\/fr\/#\/schema\/logo\/image\/"},"sameAs":["https:\/\/fr-fr.facebook.com\/Vallourec\/","https:\/\/x.com\/Vallourec","https:\/\/www.instagram.com\/vallourec\/","https:\/\/fr.linkedin.com\/company\/vallourec","https:\/\/www.youtube.com\/channel\/UCgIl0xm1ANwajVkfCFvZr0w"]}]}},"_links":{"self":[{"href":"https:\/\/www.vallourec.com\/fr\/wp-json\/wp\/v2\/news\/3706","targetHints":{"allow":["GET"]}}],"collection":[{"href":"https:\/\/www.vallourec.com\/fr\/wp-json\/wp\/v2\/news"}],"about":[{"href":"https:\/\/www.vallourec.com\/fr\/wp-json\/wp\/v2\/types\/news"}],"version-history":[{"count":0,"href":"https:\/\/www.vallourec.com\/fr\/wp-json\/wp\/v2\/news\/3706\/revisions"}],"wp:featuredmedia":[{"embeddable":true,"href":"https:\/\/www.vallourec.com\/fr\/wp-json\/wp\/v2\/media\/3701"}],"wp:attachment":[{"href":"https:\/\/www.vallourec.com\/fr\/wp-json\/wp\/v2\/media?parent=3706"}],"wp:term":[{"taxonomy":"category","embeddable":true,"href":"https:\/\/www.vallourec.com\/fr\/wp-json\/wp\/v2\/categories?post=3706"},{"taxonomy":"post_tag","embeddable":true,"href":"https:\/\/www.vallourec.com\/fr\/wp-json\/wp\/v2\/tags?post=3706"}],"curies":[{"name":"wp","href":"https:\/\/api.w.org\/{rel}","templated":true}]}}