{"id":24397,"date":"2025-08-14T12:33:35","date_gmt":"2025-08-14T10:33:35","guid":{"rendered":"https:\/\/www.vallourec.com\/?post_type=news&#038;p=24397"},"modified":"2025-08-27T10:24:22","modified_gmt":"2025-08-27T08:24:22","slug":"heros-quotidien-securite-honneur-pour-fete-des-peres-bresil","status":"publish","type":"news","link":"https:\/\/www.vallourec.com\/fr\/news\/heros-quotidien-securite-honneur-pour-fete-des-peres-bresil\/","title":{"rendered":"Des h\u00e9ros du quotidien : la s\u00e9curit\u00e9 \u00e0 l\u2019honneur pour la F\u00eate des P\u00e8res au Br\u00e9sil"},"content":{"rendered":"\t\t<div data-elementor-type=\"wp-post\" data-elementor-id=\"24397\" class=\"elementor elementor-24397 elementor-24373\">\n\t\t\t\t\t\t<section class=\"elementor-section elementor-top-section elementor-element elementor-element-4593afe elementor-section-boxed elementor-section-height-default elementor-section-height-default\" data-id=\"4593afe\" data-element_type=\"section\" data-e-type=\"section\">\n\t\t\t\t\t\t<div class=\"elementor-container elementor-column-gap-default\">\n\t\t\t\t\t<div class=\"elementor-column elementor-col-66 elementor-top-column elementor-element elementor-element-b48e10d\" data-id=\"b48e10d\" data-element_type=\"column\" data-e-type=\"column\">\n\t\t\t<div class=\"elementor-widget-wrap elementor-element-populated\">\n\t\t\t\t\t\t<div class=\"elementor-element elementor-element-1287b2c elementor-widget elementor-widget-text-editor\" data-id=\"1287b2c\" data-element_type=\"widget\" data-e-type=\"widget\" data-widget_type=\"text-editor.default\">\n\t\t\t\t\t\t\t\t\t<p>\u00a0<\/p><p><em><strong>\u00ab Mon h\u00e9ros ne porte pas de cape, il porte ses EPI ! \u00bb<\/strong><\/em><\/p><p>\u00a0<\/p><p><em><strong>Au Br\u00e9sil, la F\u00eate des P\u00e8res est c\u00e9l\u00e9br\u00e9e le deuxi\u00e8me dimanche d\u2019ao\u00fbt. L\u2019occasion de rendre hommage aux figures paternelles et de souligner leur r\u00f4le dans la transmission de nos valeurs, de notre histoire et le d\u00e9veloppement de nos liens affectifs. M\u00eame si cette date varie selon les pays, elle reste une belle occasion de partager un pan de la culture br\u00e9silienne et de renforcer les liens qui nous unissent chez Vallourec.<\/strong><\/em><\/p><p>\u00a0<\/p><p>Cette ann\u00e9e, Vallourec South America choisi d\u2019associer la F\u00eate des P\u00e8res au th\u00e8me de la s\u00e9curit\u00e9. La date du 10 ao\u00fbt co\u00efncide avec une p\u00e9riode o\u00f9, en interne, l\u2019accent est mis sur la r\u00e8gle qui sauve des vies n\u00b02 : les EPI, \u00c9quipements de Protection Individuelle.<\/p>\t\t\t\t\t\t\t\t<\/div>\n\t\t\t\t\t<\/div>\n\t\t<\/div>\n\t\t\t\t<div class=\"elementor-column elementor-col-33 elementor-top-column elementor-element elementor-element-49815a9\" data-id=\"49815a9\" data-element_type=\"column\" data-e-type=\"column\">\n\t\t\t<div class=\"elementor-widget-wrap elementor-element-populated\">\n\t\t\t\t\t\t<div class=\"elementor-element elementor-element-a0af3c7 elementor-widget elementor-widget-image\" data-id=\"a0af3c7\" data-element_type=\"widget\" data-e-type=\"widget\" data-widget_type=\"image.default\">\n\t\t\t\t\t\t\t\t\t\t\t\t\t\t\t<img fetchpriority=\"high\" decoding=\"async\" width=\"724\" height=\"1024\" src=\"https:\/\/www.vallourec.com\/app\/uploads\/2025\/08\/fathers_day_BR_gif_EN-724x1024.gif\" class=\"attachment-large size-large wp-image-24378\" alt=\"\" srcset=\"https:\/\/www.vallourec.com\/app\/uploads\/2025\/08\/fathers_day_BR_gif_EN-724x1024.gif 724w, https:\/\/www.vallourec.com\/app\/uploads\/2025\/08\/fathers_day_BR_gif_EN-212x300.gif 212w, https:\/\/www.vallourec.com\/app\/uploads\/2025\/08\/fathers_day_BR_gif_EN-768x1086.gif 768w\" sizes=\"(max-width: 724px) 100vw, 724px\" \/>\t\t\t\t\t\t\t\t\t\t\t\t\t\t\t<\/div>\n\t\t\t\t\t<\/div>\n\t\t<\/div>\n\t\t\t\t\t<\/div>\n\t\t<\/section>\n\t\t\t\t<section class=\"elementor-section elementor-top-section elementor-element elementor-element-81760cf elementor-section-boxed elementor-section-height-default elementor-section-height-default\" data-id=\"81760cf\" data-element_type=\"section\" data-e-type=\"section\">\n\t\t\t\t\t\t<div class=\"elementor-container elementor-column-gap-default\">\n\t\t\t\t\t<div class=\"elementor-column elementor-col-100 elementor-top-column elementor-element elementor-element-d31b9e4\" data-id=\"d31b9e4\" data-element_type=\"column\" data-e-type=\"column\">\n\t\t\t<div class=\"elementor-widget-wrap elementor-element-populated\">\n\t\t\t\t\t\t<div class=\"elementor-element elementor-element-4890a6b elementor-widget elementor-widget-text-editor\" data-id=\"4890a6b\" data-element_type=\"widget\" data-e-type=\"widget\" data-widget_type=\"text-editor.default\">\n\t\t\t\t\t\t\t\t\t<p>\u00a0<\/p><p>Le slogan de cette campagne, qui met les papas de Vallourec \u00e0 l\u2019honneur, <strong>\u00ab Mon h\u00e9ros ne porte pas de cape, il porte ses EPI ! \u00bb<\/strong>, leur rappelle leur r\u00f4le de h\u00e9ros du quotidien et l\u2019importance de rentrer chez eux en toute s\u00e9curit\u00e9.<\/p><p>Gr\u00e2ce \u00e0 cette initiative, le Groupe valorise ceux qui sont des mod\u00e8les, \u00e0 la maison comme sur leur lieu de travail, et souligne qu\u2019un p\u00e8re qui se prot\u00e8ge, prot\u00e8ge aussi ce qu\u2019il a de plus pr\u00e9cieux : sa famille.<\/p>\t\t\t\t\t\t\t\t<\/div>\n\t\t\t\t\t<\/div>\n\t\t<\/div>\n\t\t\t\t\t<\/div>\n\t\t<\/section>\n\t\t\t\t<section class=\"elementor-section elementor-top-section elementor-element elementor-element-c94b1a9 elementor-section-boxed elementor-section-height-default elementor-section-height-default\" data-id=\"c94b1a9\" data-element_type=\"section\" data-e-type=\"section\">\n\t\t\t\t\t\t<div class=\"elementor-container elementor-column-gap-default\">\n\t\t\t\t\t<div class=\"elementor-column elementor-col-100 elementor-top-column elementor-element elementor-element-1a8325f\" data-id=\"1a8325f\" data-element_type=\"column\" data-e-type=\"column\">\n\t\t\t<div class=\"elementor-widget-wrap elementor-element-populated\">\n\t\t\t\t\t\t<div class=\"elementor-element elementor-element-4563eff elementor-arrows-position-inside elementor-pagination-position-outside elementor-widget elementor-widget-image-carousel\" data-id=\"4563eff\" data-element_type=\"widget\" data-e-type=\"widget\" data-settings=\"{&quot;slides_to_show&quot;:&quot;1&quot;,&quot;navigation&quot;:&quot;both&quot;,&quot;autoplay&quot;:&quot;yes&quot;,&quot;pause_on_hover&quot;:&quot;yes&quot;,&quot;pause_on_interaction&quot;:&quot;yes&quot;,&quot;autoplay_speed&quot;:5000,&quot;infinite&quot;:&quot;yes&quot;,&quot;effect&quot;:&quot;slide&quot;,&quot;speed&quot;:500}\" data-widget_type=\"image-carousel.default\">\n\t\t\t\t\t\t\t<div class=\"elementor-image-carousel-wrapper swiper\" role=\"region\" aria-roledescription=\"carousel\" aria-label=\"Image Carousel\" dir=\"ltr\">\n\t\t\t<div class=\"elementor-image-carousel swiper-wrapper\" aria-live=\"off\">\n\t\t\t\t\t\t\t\t<div class=\"swiper-slide\" role=\"group\" aria-roledescription=\"slide\" aria-label=\"1 of 6\"><figure class=\"swiper-slide-inner\"><img decoding=\"async\" class=\"swiper-slide-image\" src=\"https:\/\/www.vallourec.com\/app\/uploads\/2025\/08\/fathers_day_BR_img1.jpg\" alt=\"fathers_day_BR_img1\" \/><\/figure><\/div><div class=\"swiper-slide\" role=\"group\" aria-roledescription=\"slide\" aria-label=\"2 of 6\"><figure class=\"swiper-slide-inner\"><img decoding=\"async\" class=\"swiper-slide-image\" src=\"https:\/\/www.vallourec.com\/app\/uploads\/2025\/08\/fathers_day_BR_img2.jpg\" alt=\"fathers_day_BR_img2\" \/><\/figure><\/div><div class=\"swiper-slide\" role=\"group\" aria-roledescription=\"slide\" aria-label=\"3 of 6\"><figure class=\"swiper-slide-inner\"><img decoding=\"async\" class=\"swiper-slide-image\" src=\"https:\/\/www.vallourec.com\/app\/uploads\/2025\/08\/fathers_day_BR_img3.jpg\" alt=\"fathers_day_BR_img3\" \/><\/figure><\/div><div class=\"swiper-slide\" role=\"group\" aria-roledescription=\"slide\" aria-label=\"4 of 6\"><figure class=\"swiper-slide-inner\"><img decoding=\"async\" class=\"swiper-slide-image\" src=\"https:\/\/www.vallourec.com\/app\/uploads\/2025\/08\/fathers_day_BR_img4.jpg\" alt=\"fathers_day_BR_img4\" \/><\/figure><\/div><div class=\"swiper-slide\" role=\"group\" aria-roledescription=\"slide\" aria-label=\"5 of 6\"><figure class=\"swiper-slide-inner\"><img decoding=\"async\" class=\"swiper-slide-image\" src=\"https:\/\/www.vallourec.com\/app\/uploads\/2025\/08\/fathers_day_BR_img5.jpg\" alt=\"fathers_day_BR_img5\" \/><\/figure><\/div><div class=\"swiper-slide\" role=\"group\" aria-roledescription=\"slide\" aria-label=\"6 of 6\"><figure class=\"swiper-slide-inner\"><img decoding=\"async\" class=\"swiper-slide-image\" src=\"https:\/\/www.vallourec.com\/app\/uploads\/2025\/08\/fathers_day_BR_img6.jpg\" alt=\"fathers_day_BR_img6\" \/><\/figure><\/div>\t\t\t<\/div>\n\t\t\t\t\t\t\t\t\t\t\t\t<div class=\"elementor-swiper-button elementor-swiper-button-prev\" role=\"button\" tabindex=\"0\">\n\t\t\t\t\t\t<i aria-hidden=\"true\" class=\"eicon-chevron-left\"><\/i>\t\t\t\t\t<\/div>\n\t\t\t\t\t<div class=\"elementor-swiper-button elementor-swiper-button-next\" role=\"button\" tabindex=\"0\">\n\t\t\t\t\t\t<i aria-hidden=\"true\" class=\"eicon-chevron-right\"><\/i>\t\t\t\t\t<\/div>\n\t\t\t\t\n\t\t\t\t\t\t\t\t\t<div class=\"swiper-pagination\"><\/div>\n\t\t\t\t\t\t\t\t\t<\/div>\n\t\t\t\t\t\t<\/div>\n\t\t\t\t\t<\/div>\n\t\t<\/div>\n\t\t\t\t\t<\/div>\n\t\t<\/section>\n\t\t\t\t<\/div>\n\t\t","protected":false},"excerpt":{"rendered":"","protected":false},"author":9,"featured_media":24396,"template":"","meta":{"_acf_changed":false},"categories":[275,1374],"tags":[],"class_list":["post-24397","news","type-news","status-publish","has-post-thumbnail","hentry","category-hr-fr","category-securite"],"acf":[],"yoast_head":"<title>Des h\u00e9ros du quotidien : la s\u00e9curit\u00e9 \u00e0 l\u2019honneur pour la F\u00eate des P\u00e8res au Br\u00e9sil<\/title>\n<meta name=\"description\" content=\"Au Br\u00e9sil, la F\u00eate des P\u00e8res est c\u00e9l\u00e9br\u00e9e le deuxi\u00e8me dimanche d\u2019ao\u00fbt. L\u2019occasion de rendre hommage aux figures paternelles et de souligner leur r\u00f4le dans la transmission de nos valeurs, de notre histoire et le d\u00e9veloppement de nos liens affectifs.\" \/>\n<meta name=\"robots\" content=\"index, follow, max-snippet:-1, max-image-preview:large, max-video-preview:-1\" \/>\n<link rel=\"canonical\" href=\"https:\/\/www.vallourec.com\/fr\/news\/heros-quotidien-securite-honneur-pour-fete-des-peres-bresil\/\" \/>\n<meta property=\"og:locale\" content=\"fr_FR\" \/>\n<meta property=\"og:type\" content=\"article\" \/>\n<meta property=\"og:title\" content=\"Des h\u00e9ros du quotidien : la s\u00e9curit\u00e9 \u00e0 l\u2019honneur pour la F\u00eate des P\u00e8res au Br\u00e9sil\" \/>\n<meta property=\"og:description\" content=\"Au Br\u00e9sil, la F\u00eate des P\u00e8res est c\u00e9l\u00e9br\u00e9e le deuxi\u00e8me dimanche d\u2019ao\u00fbt. L\u2019occasion de rendre hommage aux figures paternelles et de souligner leur r\u00f4le dans la transmission de nos valeurs, de notre histoire et le d\u00e9veloppement de nos liens affectifs.\" \/>\n<meta property=\"og:url\" content=\"https:\/\/www.vallourec.com\/fr\/news\/heros-quotidien-securite-honneur-pour-fete-des-peres-bresil\/\" \/>\n<meta property=\"og:site_name\" content=\"Vallourec\" \/>\n<meta property=\"article:publisher\" content=\"https:\/\/fr-fr.facebook.com\/Vallourec\/\" \/>\n<meta property=\"article:modified_time\" content=\"2025-08-27T08:24:22+00:00\" \/>\n<meta property=\"og:image\" content=\"https:\/\/www.vallourec.com\/app\/uploads\/2025\/08\/fathers_day_BR_banner.jpg\" \/>\n\t<meta property=\"og:image:width\" content=\"1685\" \/>\n\t<meta property=\"og:image:height\" content=\"770\" \/>\n\t<meta property=\"og:image:type\" content=\"image\/jpeg\" \/>\n<meta name=\"twitter:card\" content=\"summary_large_image\" \/>\n<meta name=\"twitter:site\" content=\"@Vallourec\" \/>\n<meta name=\"twitter:label1\" content=\"Dur\u00e9e de lecture estim\u00e9e\" \/>\n\t<meta name=\"twitter:data1\" content=\"3 minutes\" \/>\n<script type=\"application\/ld+json\" class=\"yoast-schema-graph\">{\"@context\":\"https:\\\/\\\/schema.org\",\"@graph\":[{\"@type\":\"WebPage\",\"@id\":\"https:\\\/\\\/www.vallourec.com\\\/fr\\\/news\\\/heros-quotidien-securite-honneur-pour-fete-des-peres-bresil\\\/\",\"url\":\"https:\\\/\\\/www.vallourec.com\\\/fr\\\/news\\\/heros-quotidien-securite-honneur-pour-fete-des-peres-bresil\\\/\",\"name\":\"Des h\u00e9ros du quotidien : la s\u00e9curit\u00e9 \u00e0 l\u2019honneur pour la F\u00eate des P\u00e8res au Br\u00e9sil\",\"isPartOf\":{\"@id\":\"https:\\\/\\\/www.vallourec.com\\\/fr\\\/#website\"},\"primaryImageOfPage\":{\"@id\":\"https:\\\/\\\/www.vallourec.com\\\/fr\\\/news\\\/heros-quotidien-securite-honneur-pour-fete-des-peres-bresil\\\/#primaryimage\"},\"image\":{\"@id\":\"https:\\\/\\\/www.vallourec.com\\\/fr\\\/news\\\/heros-quotidien-securite-honneur-pour-fete-des-peres-bresil\\\/#primaryimage\"},\"thumbnailUrl\":\"https:\\\/\\\/www.vallourec.com\\\/app\\\/uploads\\\/2025\\\/08\\\/fathers_day_BR_banner.jpg\",\"datePublished\":\"2025-08-14T10:33:35+00:00\",\"dateModified\":\"2025-08-27T08:24:22+00:00\",\"description\":\"Au Br\u00e9sil, la F\u00eate des P\u00e8res est c\u00e9l\u00e9br\u00e9e le deuxi\u00e8me dimanche d\u2019ao\u00fbt. L\u2019occasion de rendre hommage aux figures paternelles et de souligner leur r\u00f4le dans la transmission de nos valeurs, de notre histoire et le d\u00e9veloppement de nos liens affectifs.\",\"breadcrumb\":{\"@id\":\"https:\\\/\\\/www.vallourec.com\\\/fr\\\/news\\\/heros-quotidien-securite-honneur-pour-fete-des-peres-bresil\\\/#breadcrumb\"},\"inLanguage\":\"fr-FR\",\"potentialAction\":[{\"@type\":\"ReadAction\",\"target\":[\"https:\\\/\\\/www.vallourec.com\\\/fr\\\/news\\\/heros-quotidien-securite-honneur-pour-fete-des-peres-bresil\\\/\"]}]},{\"@type\":\"ImageObject\",\"inLanguage\":\"fr-FR\",\"@id\":\"https:\\\/\\\/www.vallourec.com\\\/fr\\\/news\\\/heros-quotidien-securite-honneur-pour-fete-des-peres-bresil\\\/#primaryimage\",\"url\":\"https:\\\/\\\/www.vallourec.com\\\/app\\\/uploads\\\/2025\\\/08\\\/fathers_day_BR_banner.jpg\",\"contentUrl\":\"https:\\\/\\\/www.vallourec.com\\\/app\\\/uploads\\\/2025\\\/08\\\/fathers_day_BR_banner.jpg\",\"width\":1685,\"height\":770},{\"@type\":\"BreadcrumbList\",\"@id\":\"https:\\\/\\\/www.vallourec.com\\\/fr\\\/news\\\/heros-quotidien-securite-honneur-pour-fete-des-peres-bresil\\\/#breadcrumb\",\"itemListElement\":[{\"@type\":\"ListItem\",\"position\":1,\"name\":\"News\",\"item\":\"https:\\\/\\\/www.vallourec.com\\\/fr\\\/news\\\/\"},{\"@type\":\"ListItem\",\"position\":2,\"name\":\"Des h\u00e9ros du quotidien : la s\u00e9curit\u00e9 \u00e0 l\u2019honneur pour la F\u00eate des P\u00e8res au Br\u00e9sil\"}]},{\"@type\":\"WebSite\",\"@id\":\"https:\\\/\\\/www.vallourec.com\\\/fr\\\/#website\",\"url\":\"https:\\\/\\\/www.vallourec.com\\\/fr\\\/\",\"name\":\"Vallourec\",\"description\":\"\",\"publisher\":{\"@id\":\"https:\\\/\\\/www.vallourec.com\\\/fr\\\/#organization\"},\"potentialAction\":[{\"@type\":\"SearchAction\",\"target\":{\"@type\":\"EntryPoint\",\"urlTemplate\":\"https:\\\/\\\/www.vallourec.com\\\/fr\\\/?s={search_term_string}\"},\"query-input\":{\"@type\":\"PropertyValueSpecification\",\"valueRequired\":true,\"valueName\":\"search_term_string\"}}],\"inLanguage\":\"fr-FR\"},{\"@type\":\"Organization\",\"@id\":\"https:\\\/\\\/www.vallourec.com\\\/fr\\\/#organization\",\"name\":\"Vallourec\",\"url\":\"https:\\\/\\\/www.vallourec.com\\\/fr\\\/\",\"logo\":{\"@type\":\"ImageObject\",\"inLanguage\":\"fr-FR\",\"@id\":\"https:\\\/\\\/www.vallourec.com\\\/fr\\\/#\\\/schema\\\/logo\\\/image\\\/\",\"url\":\"https:\\\/\\\/www.vallourec.com\\\/app\\\/uploads\\\/2024\\\/11\\\/vallourec_logo.jpg\",\"contentUrl\":\"https:\\\/\\\/www.vallourec.com\\\/app\\\/uploads\\\/2024\\\/11\\\/vallourec_logo.jpg\",\"width\":662,\"height\":500,\"caption\":\"Vallourec\"},\"image\":{\"@id\":\"https:\\\/\\\/www.vallourec.com\\\/fr\\\/#\\\/schema\\\/logo\\\/image\\\/\"},\"sameAs\":[\"https:\\\/\\\/fr-fr.facebook.com\\\/Vallourec\\\/\",\"https:\\\/\\\/x.com\\\/Vallourec\",\"https:\\\/\\\/www.instagram.com\\\/vallourec\\\/\",\"https:\\\/\\\/fr.linkedin.com\\\/company\\\/vallourec\",\"https:\\\/\\\/www.youtube.com\\\/channel\\\/UCgIl0xm1ANwajVkfCFvZr0w\"]}]}<\/script>","yoast_head_json":{"title":"Des h\u00e9ros du quotidien : la s\u00e9curit\u00e9 \u00e0 l\u2019honneur pour la F\u00eate des P\u00e8res au Br\u00e9sil","description":"Au Br\u00e9sil, la F\u00eate des P\u00e8res est c\u00e9l\u00e9br\u00e9e le deuxi\u00e8me dimanche d\u2019ao\u00fbt. L\u2019occasion de rendre hommage aux figures paternelles et de souligner leur r\u00f4le dans la transmission de nos valeurs, de notre histoire et le d\u00e9veloppement de nos liens affectifs.","robots":{"index":"index","follow":"follow","max-snippet":"max-snippet:-1","max-image-preview":"max-image-preview:large","max-video-preview":"max-video-preview:-1"},"canonical":"https:\/\/www.vallourec.com\/fr\/news\/heros-quotidien-securite-honneur-pour-fete-des-peres-bresil\/","og_locale":"fr_FR","og_type":"article","og_title":"Des h\u00e9ros du quotidien : la s\u00e9curit\u00e9 \u00e0 l\u2019honneur pour la F\u00eate des P\u00e8res au Br\u00e9sil","og_description":"Au Br\u00e9sil, la F\u00eate des P\u00e8res est c\u00e9l\u00e9br\u00e9e le deuxi\u00e8me dimanche d\u2019ao\u00fbt. L\u2019occasion de rendre hommage aux figures paternelles et de souligner leur r\u00f4le dans la transmission de nos valeurs, de notre histoire et le d\u00e9veloppement de nos liens affectifs.","og_url":"https:\/\/www.vallourec.com\/fr\/news\/heros-quotidien-securite-honneur-pour-fete-des-peres-bresil\/","og_site_name":"Vallourec","article_publisher":"https:\/\/fr-fr.facebook.com\/Vallourec\/","article_modified_time":"2025-08-27T08:24:22+00:00","og_image":[{"width":1685,"height":770,"url":"https:\/\/www.vallourec.com\/app\/uploads\/2025\/08\/fathers_day_BR_banner.jpg","type":"image\/jpeg"}],"twitter_card":"summary_large_image","twitter_site":"@Vallourec","twitter_misc":{"Dur\u00e9e de lecture estim\u00e9e":"3 minutes"},"schema":{"@context":"https:\/\/schema.org","@graph":[{"@type":"WebPage","@id":"https:\/\/www.vallourec.com\/fr\/news\/heros-quotidien-securite-honneur-pour-fete-des-peres-bresil\/","url":"https:\/\/www.vallourec.com\/fr\/news\/heros-quotidien-securite-honneur-pour-fete-des-peres-bresil\/","name":"Des h\u00e9ros du quotidien : la s\u00e9curit\u00e9 \u00e0 l\u2019honneur pour la F\u00eate des P\u00e8res au Br\u00e9sil","isPartOf":{"@id":"https:\/\/www.vallourec.com\/fr\/#website"},"primaryImageOfPage":{"@id":"https:\/\/www.vallourec.com\/fr\/news\/heros-quotidien-securite-honneur-pour-fete-des-peres-bresil\/#primaryimage"},"image":{"@id":"https:\/\/www.vallourec.com\/fr\/news\/heros-quotidien-securite-honneur-pour-fete-des-peres-bresil\/#primaryimage"},"thumbnailUrl":"https:\/\/www.vallourec.com\/app\/uploads\/2025\/08\/fathers_day_BR_banner.jpg","datePublished":"2025-08-14T10:33:35+00:00","dateModified":"2025-08-27T08:24:22+00:00","description":"Au Br\u00e9sil, la F\u00eate des P\u00e8res est c\u00e9l\u00e9br\u00e9e le deuxi\u00e8me dimanche d\u2019ao\u00fbt. L\u2019occasion de rendre hommage aux figures paternelles et de souligner leur r\u00f4le dans la transmission de nos valeurs, de notre histoire et le d\u00e9veloppement de nos liens affectifs.","breadcrumb":{"@id":"https:\/\/www.vallourec.com\/fr\/news\/heros-quotidien-securite-honneur-pour-fete-des-peres-bresil\/#breadcrumb"},"inLanguage":"fr-FR","potentialAction":[{"@type":"ReadAction","target":["https:\/\/www.vallourec.com\/fr\/news\/heros-quotidien-securite-honneur-pour-fete-des-peres-bresil\/"]}]},{"@type":"ImageObject","inLanguage":"fr-FR","@id":"https:\/\/www.vallourec.com\/fr\/news\/heros-quotidien-securite-honneur-pour-fete-des-peres-bresil\/#primaryimage","url":"https:\/\/www.vallourec.com\/app\/uploads\/2025\/08\/fathers_day_BR_banner.jpg","contentUrl":"https:\/\/www.vallourec.com\/app\/uploads\/2025\/08\/fathers_day_BR_banner.jpg","width":1685,"height":770},{"@type":"BreadcrumbList","@id":"https:\/\/www.vallourec.com\/fr\/news\/heros-quotidien-securite-honneur-pour-fete-des-peres-bresil\/#breadcrumb","itemListElement":[{"@type":"ListItem","position":1,"name":"News","item":"https:\/\/www.vallourec.com\/fr\/news\/"},{"@type":"ListItem","position":2,"name":"Des h\u00e9ros du quotidien : la s\u00e9curit\u00e9 \u00e0 l\u2019honneur pour la F\u00eate des P\u00e8res au Br\u00e9sil"}]},{"@type":"WebSite","@id":"https:\/\/www.vallourec.com\/fr\/#website","url":"https:\/\/www.vallourec.com\/fr\/","name":"Vallourec","description":"","publisher":{"@id":"https:\/\/www.vallourec.com\/fr\/#organization"},"potentialAction":[{"@type":"SearchAction","target":{"@type":"EntryPoint","urlTemplate":"https:\/\/www.vallourec.com\/fr\/?s={search_term_string}"},"query-input":{"@type":"PropertyValueSpecification","valueRequired":true,"valueName":"search_term_string"}}],"inLanguage":"fr-FR"},{"@type":"Organization","@id":"https:\/\/www.vallourec.com\/fr\/#organization","name":"Vallourec","url":"https:\/\/www.vallourec.com\/fr\/","logo":{"@type":"ImageObject","inLanguage":"fr-FR","@id":"https:\/\/www.vallourec.com\/fr\/#\/schema\/logo\/image\/","url":"https:\/\/www.vallourec.com\/app\/uploads\/2024\/11\/vallourec_logo.jpg","contentUrl":"https:\/\/www.vallourec.com\/app\/uploads\/2024\/11\/vallourec_logo.jpg","width":662,"height":500,"caption":"Vallourec"},"image":{"@id":"https:\/\/www.vallourec.com\/fr\/#\/schema\/logo\/image\/"},"sameAs":["https:\/\/fr-fr.facebook.com\/Vallourec\/","https:\/\/x.com\/Vallourec","https:\/\/www.instagram.com\/vallourec\/","https:\/\/fr.linkedin.com\/company\/vallourec","https:\/\/www.youtube.com\/channel\/UCgIl0xm1ANwajVkfCFvZr0w"]}]}},"_links":{"self":[{"href":"https:\/\/www.vallourec.com\/fr\/wp-json\/wp\/v2\/news\/24397","targetHints":{"allow":["GET"]}}],"collection":[{"href":"https:\/\/www.vallourec.com\/fr\/wp-json\/wp\/v2\/news"}],"about":[{"href":"https:\/\/www.vallourec.com\/fr\/wp-json\/wp\/v2\/types\/news"}],"author":[{"embeddable":true,"href":"https:\/\/www.vallourec.com\/fr\/wp-json\/wp\/v2\/users\/9"}],"version-history":[{"count":8,"href":"https:\/\/www.vallourec.com\/fr\/wp-json\/wp\/v2\/news\/24397\/revisions"}],"predecessor-version":[{"id":24502,"href":"https:\/\/www.vallourec.com\/fr\/wp-json\/wp\/v2\/news\/24397\/revisions\/24502"}],"wp:featuredmedia":[{"embeddable":true,"href":"https:\/\/www.vallourec.com\/fr\/wp-json\/wp\/v2\/media\/24396"}],"wp:attachment":[{"href":"https:\/\/www.vallourec.com\/fr\/wp-json\/wp\/v2\/media?parent=24397"}],"wp:term":[{"taxonomy":"category","embeddable":true,"href":"https:\/\/www.vallourec.com\/fr\/wp-json\/wp\/v2\/categories?post=24397"},{"taxonomy":"post_tag","embeddable":true,"href":"https:\/\/www.vallourec.com\/fr\/wp-json\/wp\/v2\/tags?post=24397"}],"curies":[{"name":"wp","href":"https:\/\/api.w.org\/{rel}","templated":true}]}}