{"id":21650,"date":"2025-03-20T06:46:11","date_gmt":"2025-03-20T05:46:11","guid":{"rendered":"https:\/\/www.vallourec.com\/news\/vallourecs-excom-visits-china\/"},"modified":"2025-03-21T06:53:17","modified_gmt":"2025-03-21T05:53:17","slug":"le-comite-executif-de-vallourec-en-visite-strategique-en-chine","status":"publish","type":"news","link":"https:\/\/www.vallourec.com\/fr\/news\/le-comite-executif-de-vallourec-en-visite-strategique-en-chine\/","title":{"rendered":"Le Comit\u00e9 Ex\u00e9cutif de Vallourec en visite strat\u00e9gique en Chine\u00a0"},"content":{"rendered":"\t\t<div data-elementor-type=\"wp-post\" data-elementor-id=\"21650\" class=\"elementor elementor-21650 elementor-21630\">\n\t\t\t\t\t\t<section class=\"elementor-section elementor-top-section elementor-element elementor-element-90b37e7 elementor-section-boxed elementor-section-height-default elementor-section-height-default\" data-id=\"90b37e7\" data-element_type=\"section\" data-e-type=\"section\">\n\t\t\t\t\t\t<div class=\"elementor-container elementor-column-gap-default\">\n\t\t\t\t\t<div class=\"elementor-column elementor-col-100 elementor-top-column elementor-element elementor-element-26d1c6f\" data-id=\"26d1c6f\" data-element_type=\"column\" data-e-type=\"column\">\n\t\t\t<div class=\"elementor-widget-wrap elementor-element-populated\">\n\t\t\t\t\t\t<div class=\"elementor-element elementor-element-bfc1110 elementor-widget elementor-widget-text-editor\" data-id=\"bfc1110\" data-element_type=\"widget\" data-e-type=\"widget\" data-widget_type=\"text-editor.default\">\n\t\t\t\t\t\t\t\t\t<p><strong>Le Comit\u00e9 Ex\u00e9cutif de Vallourec a r\u00e9cemment conclu une visite de plusieurs jours en Chine, ponctu\u00e9e de r\u00e9unions strat\u00e9giques et de rencontres avec les \u00e9quipes locales des usines Tianda \u00e0 Chuzhou et Changzhou, ainsi qu&rsquo;\u00e0 la forge VCHA.<\/strong><br \/><br \/><\/p><p>Cette visite a permis de renforcer les liens entre les diff\u00e9rentes entit\u00e9s du Groupe et de mettre en avant les avanc\u00e9es technologiques et les plans de d\u00e9veloppement futurs de Vallourec en Chine. Lors d&rsquo;un s\u00e9minaire sur l&rsquo;industrialisation, les participants ont explor\u00e9 les derni\u00e8res tendances r\u00e9gionales et les d\u00e9fis auxquels l&rsquo;entreprise est confront\u00e9e. Ils ont observ\u00e9 de pr\u00e8s les innovations et technologies utilis\u00e9es pour optimiser les processus de production, ainsi que les pratiques de gestion all\u00e9g\u00e9e sur site.<br \/><br \/><\/p><p>Les discussions ont couvert divers sujets, notamment la performance op\u00e9rationnelle et financi\u00e8re, la revue des projets de diversification, les plans de d\u00e9veloppement et d&rsquo;investissement pour 2025, et les initiatives de qualit\u00e9. Une attention particuli\u00e8re a \u00e9t\u00e9 accord\u00e9e \u00e0 la strat\u00e9gie de premiumisation adopt\u00e9e par le Groupe en Chine, soulignant son importance pour la croissance future de Vallourec.<br \/><br \/><\/p><p>\u00c0 Chuzhou, le Comit\u00e9 Ex\u00e9cutif a \u00e9galement rencontr\u00e9 les autorit\u00e9s locales, qui ont soulign\u00e9 la dynamique de modernisation industrielle et de d\u00e9veloppement \u00e9conomique apport\u00e9e par Vallourec \u00e0 la ville.<\/p>\t\t\t\t\t\t\t\t<\/div>\n\t\t\t\t<div class=\"elementor-element elementor-element-bfd90d1 elementor-widget elementor-widget-spacer\" data-id=\"bfd90d1\" data-element_type=\"widget\" data-e-type=\"widget\" data-widget_type=\"spacer.default\">\n\t\t\t\t\t\t\t<div class=\"elementor-spacer\">\n\t\t\t<div class=\"elementor-spacer-inner\"><\/div>\n\t\t<\/div>\n\t\t\t\t\t\t<\/div>\n\t\t\t\t<div class=\"elementor-element elementor-element-ceb9781 elementor-arrows-position-inside elementor-pagination-position-outside elementor-widget elementor-widget-image-carousel\" data-id=\"ceb9781\" data-element_type=\"widget\" data-e-type=\"widget\" data-settings=\"{&quot;slides_to_show&quot;:&quot;1&quot;,&quot;navigation&quot;:&quot;both&quot;,&quot;autoplay&quot;:&quot;yes&quot;,&quot;pause_on_hover&quot;:&quot;yes&quot;,&quot;pause_on_interaction&quot;:&quot;yes&quot;,&quot;autoplay_speed&quot;:5000,&quot;infinite&quot;:&quot;yes&quot;,&quot;effect&quot;:&quot;slide&quot;,&quot;speed&quot;:500}\" data-widget_type=\"image-carousel.default\">\n\t\t\t\t\t\t\t<div class=\"elementor-image-carousel-wrapper swiper\" role=\"region\" aria-roledescription=\"carousel\" aria-label=\"Image Carousel\" dir=\"ltr\">\n\t\t\t<div class=\"elementor-image-carousel swiper-wrapper\" aria-live=\"off\">\n\t\t\t\t\t\t\t\t<div class=\"swiper-slide\" role=\"group\" aria-roledescription=\"slide\" aria-label=\"1 of 5\"><figure class=\"swiper-slide-inner\"><img decoding=\"async\" class=\"swiper-slide-image\" src=\"https:\/\/www.vallourec.com\/app\/uploads\/2025\/03\/vallourec-excom-china-1.jpg\" alt=\"vallourec-excom-china-1\" \/><\/figure><\/div><div class=\"swiper-slide\" role=\"group\" aria-roledescription=\"slide\" aria-label=\"2 of 5\"><figure class=\"swiper-slide-inner\"><img decoding=\"async\" class=\"swiper-slide-image\" src=\"https:\/\/www.vallourec.com\/app\/uploads\/2025\/03\/vallourec-excom-china-2.jpg\" alt=\"vallourec-excom-china-2\" \/><\/figure><\/div><div class=\"swiper-slide\" role=\"group\" aria-roledescription=\"slide\" aria-label=\"3 of 5\"><figure class=\"swiper-slide-inner\"><img decoding=\"async\" class=\"swiper-slide-image\" src=\"https:\/\/www.vallourec.com\/app\/uploads\/2025\/03\/vallourec-excom-china-3.jpg\" alt=\"vallourec-excom-china-3\" \/><\/figure><\/div><div class=\"swiper-slide\" role=\"group\" aria-roledescription=\"slide\" aria-label=\"4 of 5\"><figure class=\"swiper-slide-inner\"><img decoding=\"async\" class=\"swiper-slide-image\" src=\"https:\/\/www.vallourec.com\/app\/uploads\/2025\/03\/vallourec-excom-china-4.jpg\" alt=\"vallourec-excom-china-4\" \/><\/figure><\/div><div class=\"swiper-slide\" role=\"group\" aria-roledescription=\"slide\" aria-label=\"5 of 5\"><figure class=\"swiper-slide-inner\"><img decoding=\"async\" class=\"swiper-slide-image\" src=\"https:\/\/www.vallourec.com\/app\/uploads\/2025\/03\/vallourec-excom-china-5.jpg\" alt=\"vallourec-excom-china-5\" \/><\/figure><\/div>\t\t\t<\/div>\n\t\t\t\t\t\t\t\t\t\t\t\t<div class=\"elementor-swiper-button elementor-swiper-button-prev\" role=\"button\" tabindex=\"0\">\n\t\t\t\t\t\t<i aria-hidden=\"true\" class=\"eicon-chevron-left\"><\/i>\t\t\t\t\t<\/div>\n\t\t\t\t\t<div class=\"elementor-swiper-button elementor-swiper-button-next\" role=\"button\" tabindex=\"0\">\n\t\t\t\t\t\t<i aria-hidden=\"true\" class=\"eicon-chevron-right\"><\/i>\t\t\t\t\t<\/div>\n\t\t\t\t\n\t\t\t\t\t\t\t\t\t<div class=\"swiper-pagination\"><\/div>\n\t\t\t\t\t\t\t\t\t<\/div>\n\t\t\t\t\t\t<\/div>\n\t\t\t\t\t<\/div>\n\t\t<\/div>\n\t\t\t\t\t<\/div>\n\t\t<\/section>\n\t\t\t\t<\/div>\n\t\t","protected":false},"excerpt":{"rendered":"","protected":false},"author":1,"featured_media":21634,"template":"","meta":{"_acf_changed":false},"categories":[226],"tags":[],"class_list":["post-21650","news","type-news","status-publish","has-post-thumbnail","hentry","category-group-fr"],"acf":[],"yoast_head":"<title>Le Comit\u00e9 Ex\u00e9cutif de Vallourec en visite strat\u00e9gique en Chine\u00a0 - Vallourec<\/title>\n<meta name=\"description\" content=\"Le Comit\u00e9 Ex\u00e9cutif de Vallourec a r\u00e9cemment conclu une visite de plusieurs jours en Chine, ponctu\u00e9e de r\u00e9unions strat\u00e9giques...\" \/>\n<meta name=\"robots\" content=\"index, follow, max-snippet:-1, max-image-preview:large, max-video-preview:-1\" \/>\n<link rel=\"canonical\" href=\"https:\/\/www.vallourec.com\/fr\/news\/le-comite-executif-de-vallourec-en-visite-strategique-en-chine\/\" \/>\n<meta property=\"og:locale\" content=\"fr_FR\" \/>\n<meta property=\"og:type\" content=\"article\" \/>\n<meta property=\"og:title\" content=\"Le Comit\u00e9 Ex\u00e9cutif de Vallourec en visite strat\u00e9gique en Chine\u00a0 - Vallourec\" \/>\n<meta property=\"og:description\" content=\"Le Comit\u00e9 Ex\u00e9cutif de Vallourec a r\u00e9cemment conclu une visite de plusieurs jours en Chine, ponctu\u00e9e de r\u00e9unions strat\u00e9giques...\" \/>\n<meta property=\"og:url\" content=\"https:\/\/www.vallourec.com\/fr\/news\/le-comite-executif-de-vallourec-en-visite-strategique-en-chine\/\" \/>\n<meta property=\"og:site_name\" content=\"Vallourec\" \/>\n<meta property=\"article:publisher\" content=\"https:\/\/fr-fr.facebook.com\/Vallourec\/\" \/>\n<meta property=\"article:modified_time\" content=\"2025-03-21T05:53:17+00:00\" \/>\n<meta property=\"og:image\" content=\"https:\/\/www.vallourec.com\/app\/uploads\/2025\/03\/vallourec-excom-china-header.jpg\" \/>\n\t<meta property=\"og:image:width\" content=\"2054\" \/>\n\t<meta property=\"og:image:height\" content=\"999\" \/>\n\t<meta property=\"og:image:type\" content=\"image\/jpeg\" \/>\n<meta name=\"twitter:card\" content=\"summary_large_image\" \/>\n<meta name=\"twitter:site\" content=\"@Vallourec\" \/>\n<script type=\"application\/ld+json\" class=\"yoast-schema-graph\">{\"@context\":\"https:\\\/\\\/schema.org\",\"@graph\":[{\"@type\":\"WebPage\",\"@id\":\"https:\\\/\\\/www.vallourec.com\\\/fr\\\/news\\\/le-comite-executif-de-vallourec-en-visite-strategique-en-chine\\\/\",\"url\":\"https:\\\/\\\/www.vallourec.com\\\/fr\\\/news\\\/le-comite-executif-de-vallourec-en-visite-strategique-en-chine\\\/\",\"name\":\"Le Comit\u00e9 Ex\u00e9cutif de Vallourec en visite strat\u00e9gique en Chine\u00a0 - Vallourec\",\"isPartOf\":{\"@id\":\"https:\\\/\\\/www.vallourec.com\\\/fr\\\/#website\"},\"primaryImageOfPage\":{\"@id\":\"https:\\\/\\\/www.vallourec.com\\\/fr\\\/news\\\/le-comite-executif-de-vallourec-en-visite-strategique-en-chine\\\/#primaryimage\"},\"image\":{\"@id\":\"https:\\\/\\\/www.vallourec.com\\\/fr\\\/news\\\/le-comite-executif-de-vallourec-en-visite-strategique-en-chine\\\/#primaryimage\"},\"thumbnailUrl\":\"https:\\\/\\\/www.vallourec.com\\\/app\\\/uploads\\\/2025\\\/03\\\/vallourec-excom-china-header.jpg\",\"datePublished\":\"2025-03-20T05:46:11+00:00\",\"dateModified\":\"2025-03-21T05:53:17+00:00\",\"description\":\"Le Comit\u00e9 Ex\u00e9cutif de Vallourec a r\u00e9cemment conclu une visite de plusieurs jours en Chine, ponctu\u00e9e de r\u00e9unions strat\u00e9giques...\",\"breadcrumb\":{\"@id\":\"https:\\\/\\\/www.vallourec.com\\\/fr\\\/news\\\/le-comite-executif-de-vallourec-en-visite-strategique-en-chine\\\/#breadcrumb\"},\"inLanguage\":\"fr-FR\",\"potentialAction\":[{\"@type\":\"ReadAction\",\"target\":[\"https:\\\/\\\/www.vallourec.com\\\/fr\\\/news\\\/le-comite-executif-de-vallourec-en-visite-strategique-en-chine\\\/\"]}]},{\"@type\":\"ImageObject\",\"inLanguage\":\"fr-FR\",\"@id\":\"https:\\\/\\\/www.vallourec.com\\\/fr\\\/news\\\/le-comite-executif-de-vallourec-en-visite-strategique-en-chine\\\/#primaryimage\",\"url\":\"https:\\\/\\\/www.vallourec.com\\\/app\\\/uploads\\\/2025\\\/03\\\/vallourec-excom-china-header.jpg\",\"contentUrl\":\"https:\\\/\\\/www.vallourec.com\\\/app\\\/uploads\\\/2025\\\/03\\\/vallourec-excom-china-header.jpg\",\"width\":2054,\"height\":999},{\"@type\":\"BreadcrumbList\",\"@id\":\"https:\\\/\\\/www.vallourec.com\\\/fr\\\/news\\\/le-comite-executif-de-vallourec-en-visite-strategique-en-chine\\\/#breadcrumb\",\"itemListElement\":[{\"@type\":\"ListItem\",\"position\":1,\"name\":\"News\",\"item\":\"https:\\\/\\\/www.vallourec.com\\\/fr\\\/news\\\/\"},{\"@type\":\"ListItem\",\"position\":2,\"name\":\"Le Comit\u00e9 Ex\u00e9cutif de Vallourec en visite strat\u00e9gique en Chine\u00a0\"}]},{\"@type\":\"WebSite\",\"@id\":\"https:\\\/\\\/www.vallourec.com\\\/fr\\\/#website\",\"url\":\"https:\\\/\\\/www.vallourec.com\\\/fr\\\/\",\"name\":\"Vallourec\",\"description\":\"\",\"publisher\":{\"@id\":\"https:\\\/\\\/www.vallourec.com\\\/fr\\\/#organization\"},\"potentialAction\":[{\"@type\":\"SearchAction\",\"target\":{\"@type\":\"EntryPoint\",\"urlTemplate\":\"https:\\\/\\\/www.vallourec.com\\\/fr\\\/?s={search_term_string}\"},\"query-input\":{\"@type\":\"PropertyValueSpecification\",\"valueRequired\":true,\"valueName\":\"search_term_string\"}}],\"inLanguage\":\"fr-FR\"},{\"@type\":\"Organization\",\"@id\":\"https:\\\/\\\/www.vallourec.com\\\/fr\\\/#organization\",\"name\":\"Vallourec\",\"url\":\"https:\\\/\\\/www.vallourec.com\\\/fr\\\/\",\"logo\":{\"@type\":\"ImageObject\",\"inLanguage\":\"fr-FR\",\"@id\":\"https:\\\/\\\/www.vallourec.com\\\/fr\\\/#\\\/schema\\\/logo\\\/image\\\/\",\"url\":\"https:\\\/\\\/www.vallourec.com\\\/app\\\/uploads\\\/2024\\\/11\\\/vallourec_logo.jpg\",\"contentUrl\":\"https:\\\/\\\/www.vallourec.com\\\/app\\\/uploads\\\/2024\\\/11\\\/vallourec_logo.jpg\",\"width\":662,\"height\":500,\"caption\":\"Vallourec\"},\"image\":{\"@id\":\"https:\\\/\\\/www.vallourec.com\\\/fr\\\/#\\\/schema\\\/logo\\\/image\\\/\"},\"sameAs\":[\"https:\\\/\\\/fr-fr.facebook.com\\\/Vallourec\\\/\",\"https:\\\/\\\/x.com\\\/Vallourec\",\"https:\\\/\\\/www.instagram.com\\\/vallourec\\\/\",\"https:\\\/\\\/fr.linkedin.com\\\/company\\\/vallourec\",\"https:\\\/\\\/www.youtube.com\\\/channel\\\/UCgIl0xm1ANwajVkfCFvZr0w\"]}]}<\/script>","yoast_head_json":{"title":"Le Comit\u00e9 Ex\u00e9cutif de Vallourec en visite strat\u00e9gique en Chine\u00a0 - Vallourec","description":"Le Comit\u00e9 Ex\u00e9cutif de Vallourec a r\u00e9cemment conclu une visite de plusieurs jours en Chine, ponctu\u00e9e de r\u00e9unions strat\u00e9giques...","robots":{"index":"index","follow":"follow","max-snippet":"max-snippet:-1","max-image-preview":"max-image-preview:large","max-video-preview":"max-video-preview:-1"},"canonical":"https:\/\/www.vallourec.com\/fr\/news\/le-comite-executif-de-vallourec-en-visite-strategique-en-chine\/","og_locale":"fr_FR","og_type":"article","og_title":"Le Comit\u00e9 Ex\u00e9cutif de Vallourec en visite strat\u00e9gique en Chine\u00a0 - Vallourec","og_description":"Le Comit\u00e9 Ex\u00e9cutif de Vallourec a r\u00e9cemment conclu une visite de plusieurs jours en Chine, ponctu\u00e9e de r\u00e9unions strat\u00e9giques...","og_url":"https:\/\/www.vallourec.com\/fr\/news\/le-comite-executif-de-vallourec-en-visite-strategique-en-chine\/","og_site_name":"Vallourec","article_publisher":"https:\/\/fr-fr.facebook.com\/Vallourec\/","article_modified_time":"2025-03-21T05:53:17+00:00","og_image":[{"width":2054,"height":999,"url":"https:\/\/www.vallourec.com\/app\/uploads\/2025\/03\/vallourec-excom-china-header.jpg","type":"image\/jpeg"}],"twitter_card":"summary_large_image","twitter_site":"@Vallourec","schema":{"@context":"https:\/\/schema.org","@graph":[{"@type":"WebPage","@id":"https:\/\/www.vallourec.com\/fr\/news\/le-comite-executif-de-vallourec-en-visite-strategique-en-chine\/","url":"https:\/\/www.vallourec.com\/fr\/news\/le-comite-executif-de-vallourec-en-visite-strategique-en-chine\/","name":"Le Comit\u00e9 Ex\u00e9cutif de Vallourec en visite strat\u00e9gique en Chine\u00a0 - Vallourec","isPartOf":{"@id":"https:\/\/www.vallourec.com\/fr\/#website"},"primaryImageOfPage":{"@id":"https:\/\/www.vallourec.com\/fr\/news\/le-comite-executif-de-vallourec-en-visite-strategique-en-chine\/#primaryimage"},"image":{"@id":"https:\/\/www.vallourec.com\/fr\/news\/le-comite-executif-de-vallourec-en-visite-strategique-en-chine\/#primaryimage"},"thumbnailUrl":"https:\/\/www.vallourec.com\/app\/uploads\/2025\/03\/vallourec-excom-china-header.jpg","datePublished":"2025-03-20T05:46:11+00:00","dateModified":"2025-03-21T05:53:17+00:00","description":"Le Comit\u00e9 Ex\u00e9cutif de Vallourec a r\u00e9cemment conclu une visite de plusieurs jours en Chine, ponctu\u00e9e de r\u00e9unions strat\u00e9giques...","breadcrumb":{"@id":"https:\/\/www.vallourec.com\/fr\/news\/le-comite-executif-de-vallourec-en-visite-strategique-en-chine\/#breadcrumb"},"inLanguage":"fr-FR","potentialAction":[{"@type":"ReadAction","target":["https:\/\/www.vallourec.com\/fr\/news\/le-comite-executif-de-vallourec-en-visite-strategique-en-chine\/"]}]},{"@type":"ImageObject","inLanguage":"fr-FR","@id":"https:\/\/www.vallourec.com\/fr\/news\/le-comite-executif-de-vallourec-en-visite-strategique-en-chine\/#primaryimage","url":"https:\/\/www.vallourec.com\/app\/uploads\/2025\/03\/vallourec-excom-china-header.jpg","contentUrl":"https:\/\/www.vallourec.com\/app\/uploads\/2025\/03\/vallourec-excom-china-header.jpg","width":2054,"height":999},{"@type":"BreadcrumbList","@id":"https:\/\/www.vallourec.com\/fr\/news\/le-comite-executif-de-vallourec-en-visite-strategique-en-chine\/#breadcrumb","itemListElement":[{"@type":"ListItem","position":1,"name":"News","item":"https:\/\/www.vallourec.com\/fr\/news\/"},{"@type":"ListItem","position":2,"name":"Le Comit\u00e9 Ex\u00e9cutif de Vallourec en visite strat\u00e9gique en Chine\u00a0"}]},{"@type":"WebSite","@id":"https:\/\/www.vallourec.com\/fr\/#website","url":"https:\/\/www.vallourec.com\/fr\/","name":"Vallourec","description":"","publisher":{"@id":"https:\/\/www.vallourec.com\/fr\/#organization"},"potentialAction":[{"@type":"SearchAction","target":{"@type":"EntryPoint","urlTemplate":"https:\/\/www.vallourec.com\/fr\/?s={search_term_string}"},"query-input":{"@type":"PropertyValueSpecification","valueRequired":true,"valueName":"search_term_string"}}],"inLanguage":"fr-FR"},{"@type":"Organization","@id":"https:\/\/www.vallourec.com\/fr\/#organization","name":"Vallourec","url":"https:\/\/www.vallourec.com\/fr\/","logo":{"@type":"ImageObject","inLanguage":"fr-FR","@id":"https:\/\/www.vallourec.com\/fr\/#\/schema\/logo\/image\/","url":"https:\/\/www.vallourec.com\/app\/uploads\/2024\/11\/vallourec_logo.jpg","contentUrl":"https:\/\/www.vallourec.com\/app\/uploads\/2024\/11\/vallourec_logo.jpg","width":662,"height":500,"caption":"Vallourec"},"image":{"@id":"https:\/\/www.vallourec.com\/fr\/#\/schema\/logo\/image\/"},"sameAs":["https:\/\/fr-fr.facebook.com\/Vallourec\/","https:\/\/x.com\/Vallourec","https:\/\/www.instagram.com\/vallourec\/","https:\/\/fr.linkedin.com\/company\/vallourec","https:\/\/www.youtube.com\/channel\/UCgIl0xm1ANwajVkfCFvZr0w"]}]}},"_links":{"self":[{"href":"https:\/\/www.vallourec.com\/fr\/wp-json\/wp\/v2\/news\/21650","targetHints":{"allow":["GET"]}}],"collection":[{"href":"https:\/\/www.vallourec.com\/fr\/wp-json\/wp\/v2\/news"}],"about":[{"href":"https:\/\/www.vallourec.com\/fr\/wp-json\/wp\/v2\/types\/news"}],"author":[{"embeddable":true,"href":"https:\/\/www.vallourec.com\/fr\/wp-json\/wp\/v2\/users\/1"}],"version-history":[{"count":4,"href":"https:\/\/www.vallourec.com\/fr\/wp-json\/wp\/v2\/news\/21650\/revisions"}],"predecessor-version":[{"id":21654,"href":"https:\/\/www.vallourec.com\/fr\/wp-json\/wp\/v2\/news\/21650\/revisions\/21654"}],"wp:featuredmedia":[{"embeddable":true,"href":"https:\/\/www.vallourec.com\/fr\/wp-json\/wp\/v2\/media\/21634"}],"wp:attachment":[{"href":"https:\/\/www.vallourec.com\/fr\/wp-json\/wp\/v2\/media?parent=21650"}],"wp:term":[{"taxonomy":"category","embeddable":true,"href":"https:\/\/www.vallourec.com\/fr\/wp-json\/wp\/v2\/categories?post=21650"},{"taxonomy":"post_tag","embeddable":true,"href":"https:\/\/www.vallourec.com\/fr\/wp-json\/wp\/v2\/tags?post=21650"}],"curies":[{"name":"wp","href":"https:\/\/api.w.org\/{rel}","templated":true}]}}