{"id":20522,"date":"2024-11-19T09:16:22","date_gmt":"2024-11-19T08:16:22","guid":{"rendered":"https:\/\/www.vallourec.com\/news\/vallourec-north-america-is-committed-to-sustainability-through-its-recycling-journey\/"},"modified":"2024-11-19T09:35:52","modified_gmt":"2024-11-19T08:35:52","slug":"vallourec-north-america-sengage-en-faveur-du-developpement-durable-via-a-son-parcours-de-recyclage","status":"publish","type":"news","link":"https:\/\/www.vallourec.com\/fr\/news\/vallourec-north-america-sengage-en-faveur-du-developpement-durable-via-a-son-parcours-de-recyclage\/","title":{"rendered":"Vallourec North America s\u2019engage en faveur du d\u00e9veloppement durable\u202fvia \u00e0 son parcours de recyclage"},"content":{"rendered":"\t\t<div data-elementor-type=\"wp-post\" data-elementor-id=\"20522\" class=\"elementor elementor-20522 elementor-20506\">\n\t\t\t\t\t\t<section class=\"elementor-section elementor-top-section elementor-element elementor-element-837b32c elementor-section-boxed elementor-section-height-default elementor-section-height-default\" data-id=\"837b32c\" data-element_type=\"section\" data-e-type=\"section\">\n\t\t\t\t\t\t<div class=\"elementor-container elementor-column-gap-default\">\n\t\t\t\t\t<div class=\"elementor-column elementor-col-100 elementor-top-column elementor-element elementor-element-62500e0\" data-id=\"62500e0\" data-element_type=\"column\" data-e-type=\"column\">\n\t\t\t<div class=\"elementor-widget-wrap elementor-element-populated\">\n\t\t\t\t\t\t<div class=\"elementor-element elementor-element-515fdd1 elementor-widget elementor-widget-text-editor\" data-id=\"515fdd1\" data-element_type=\"widget\" data-e-type=\"widget\" data-widget_type=\"text-editor.default\">\n\t\t\t\t\t\t\t\t\t<p><strong>Chez Vallourec North America, nous savons que le d\u00e9veloppement durable n\u2019est pas une destination, mais un voyage qui exige engagement, innovation et am\u00e9lioration continue.<\/strong><\/p>\n<p><br \/>Dans le secteur de l\u2019industrie lourde, le recyclage peut pr\u00e9senter des d\u00e9fis uniques, mais nous nous sommes fix\u00e9 comme priorit\u00e9 non seulement de respecter les normes industrielles, mais aussi de les d\u00e9passer. Nous savons que le recyclage est essentiel dans notre secteur d\u2019activit\u00e9 en raison des avantages environnementaux li\u00e9s \u00e0 la conservation des ressources naturelles et \u00e0 la pr\u00e9vention de la pollution, mais aussi en raison des \u00e9conomies d\u2019\u00e9nergie associ\u00e9es au fait d\u2019\u00e9viter l\u2019utilisation de nouvelles mati\u00e8res premi\u00e8res. Ces r\u00e9ductions peuvent conduire \u00e0 des \u00e9conomies d\u2019\u00e9nergie significatives et \u00e0 une r\u00e9duction des \u00e9missions de gaz \u00e0 effet de serre.<\/p>\t\t\t\t\t\t\t\t<\/div>\n\t\t\t\t<div class=\"elementor-element elementor-element-4cfcbc2 elementor-widget elementor-widget-spacer\" data-id=\"4cfcbc2\" data-element_type=\"widget\" data-e-type=\"widget\" data-widget_type=\"spacer.default\">\n\t\t\t\t\t\t\t<div class=\"elementor-spacer\">\n\t\t\t<div class=\"elementor-spacer-inner\"><\/div>\n\t\t<\/div>\n\t\t\t\t\t\t<\/div>\n\t\t\t\t<div class=\"elementor-element elementor-element-ea1fdbe elementor-widget elementor-widget-title\" data-id=\"ea1fdbe\" data-element_type=\"widget\" data-e-type=\"widget\" data-widget_type=\"title.default\">\n\t\t\t\t<div class=\"elementor-widget-container\">\n\t\t\t\t\t<div>\n      <div class=\"block mb-[3rem] md:mb-none md:flex relative\">\n      <h2 class=\"w-fit title-h2 pb-2 md:pb-0 \">Un taux de recyclage de 98% en 2024 <\/h2>\n      <div class=\"title-divider ml-0 mr-0 md:ml-3 self-center\"><\/div>\n      <p class=\"title-anchor -bottom-[2rem] md:bottom-[50%] right-0 \" id=\"\"><\/p>\n    <\/div>\n  <\/div>\n\t\t\t\t<\/div>\n\t\t\t\t<\/div>\n\t\t\t\t<div class=\"elementor-element elementor-element-9eaa312 elementor-widget elementor-widget-text-editor\" data-id=\"9eaa312\" data-element_type=\"widget\" data-e-type=\"widget\" data-widget_type=\"text-editor.default\">\n\t\t\t\t\t\t\t\t\t<p>Nous nous sommes toujours efforc\u00e9s de minimiser notre empreinte environnementale en r\u00e9duisant les d\u00e9chets produits et en limitant leur mise en d\u00e9charge. Aujourd\u2019hui, nous sommes fiers de vous faire part de nos progr\u00e8s substantiels et des \u00e9tapes qui nous ont permis d\u2019atteindre un taux de recyclage de 98\u202f% en 2024.<\/p>\n<p>De 2015 \u00e0 2020, nous avons maintenu un taux de recyclage de 86 \u00e0 91\u202f%. Ce r\u00e9sultat \u00e9tait d\u00e9j\u00e0 sup\u00e9rieur \u00e0 la moyenne dans l\u2019industrie lourde, o\u00f9 la complexit\u00e9 des processus peut rendre le recyclage particuli\u00e8rement difficile. Mais pour nous, ce n\u2019\u00e9tait qu\u2019un d\u00e9but. Nous savions que nous pouvions faire mieux.<\/p>\t\t\t\t\t\t\t\t<\/div>\n\t\t\t\t<div class=\"elementor-element elementor-element-2aef013 elementor-widget elementor-widget-spacer\" data-id=\"2aef013\" data-element_type=\"widget\" data-e-type=\"widget\" data-widget_type=\"spacer.default\">\n\t\t\t\t\t\t\t<div class=\"elementor-spacer\">\n\t\t\t<div class=\"elementor-spacer-inner\"><\/div>\n\t\t<\/div>\n\t\t\t\t\t\t<\/div>\n\t\t\t\t<div class=\"elementor-element elementor-element-8e86d06 elementor-widget elementor-widget-title\" data-id=\"8e86d06\" data-element_type=\"widget\" data-e-type=\"widget\" data-widget_type=\"title.default\">\n\t\t\t\t<div class=\"elementor-widget-container\">\n\t\t\t\t\t<div>\n      <div class=\"block mb-[3rem] md:mb-none md:flex relative\">\n      <h2 class=\"w-fit title-h2 pb-2 md:pb-0 \">Une revue compl\u00e8te de nos pratiques de gestion des d\u00e9chets <\/h2>\n      <div class=\"title-divider ml-0 mr-0 md:ml-3 self-center\"><\/div>\n      <p class=\"title-anchor -bottom-[2rem] md:bottom-[50%] right-0 \" id=\"\"><\/p>\n    <\/div>\n  <\/div>\n\t\t\t\t<\/div>\n\t\t\t\t<\/div>\n\t\t\t\t<div class=\"elementor-element elementor-element-bef33ca elementor-widget elementor-widget-text-editor\" data-id=\"bef33ca\" data-element_type=\"widget\" data-e-type=\"widget\" data-widget_type=\"text-editor.default\">\n\t\t\t\t\t\t\t\t\t<p>Nos taux de recyclage ont augment\u00e9 r\u00e9guli\u00e8rement\u202f: de 91\u202f% en 2020, ils sont pass\u00e9s \u00e0 95\u202f% en 2023. Enfin, en 2024, nous avons atteint un taux de recyclage remarquable de 98\u202f%. Pour atteindre ce r\u00e9sultat, nous avons d\u00fb revoir de fond en comble tous les aspects de nos pratiques de gestion des d\u00e9chets. Nous avons tout \u00e9valu\u00e9, depuis les emballages entrants et le retour des conteneurs jusqu\u2019\u00e0 la recherche de nouveaux moyens de recycler des mat\u00e9riaux qui finissaient auparavant dans les d\u00e9charges. Cette approche \u00ab\u2009globale\u2009\u00bb a \u00e9t\u00e9 au c\u0153ur de notre strat\u00e9gie.<\/p>\t\t\t\t\t\t\t\t<\/div>\n\t\t\t\t<div class=\"elementor-element elementor-element-7d3499a elementor-widget elementor-widget-spacer\" data-id=\"7d3499a\" data-element_type=\"widget\" data-e-type=\"widget\" data-widget_type=\"spacer.default\">\n\t\t\t\t\t\t\t<div class=\"elementor-spacer\">\n\t\t\t<div class=\"elementor-spacer-inner\"><\/div>\n\t\t<\/div>\n\t\t\t\t\t\t<\/div>\n\t\t\t\t<div class=\"elementor-element elementor-element-af1ac92 elementor-widget elementor-widget-title\" data-id=\"af1ac92\" data-element_type=\"widget\" data-e-type=\"widget\" data-widget_type=\"title.default\">\n\t\t\t\t<div class=\"elementor-widget-container\">\n\t\t\t\t\t<div>\n      <div class=\"block mb-[3rem] md:mb-none md:flex relative\">\n      <h2 class=\"w-fit title-h2 pb-2 md:pb-0 \">Un investissement financier d\u00e9di\u00e9 aux initiatives de recyclage : un pas vers un avenir plus durable<\/h2>\n      <div class=\"title-divider ml-0 mr-0 md:ml-3 self-center\"><\/div>\n      <p class=\"title-anchor -bottom-[2rem] md:bottom-[50%] right-0 \" id=\"\"><\/p>\n    <\/div>\n  <\/div>\n\t\t\t\t<\/div>\n\t\t\t\t<\/div>\n\t\t\t\t<div class=\"elementor-element elementor-element-a0836cb elementor-widget elementor-widget-text-editor\" data-id=\"a0836cb\" data-element_type=\"widget\" data-e-type=\"widget\" data-widget_type=\"text-editor.default\">\n\t\t\t\t\t\t\t\t\t<p>\u00a0<\/p>\n<p>En 2021, nos dirigeants sont all\u00e9s encore plus loin dans leur engagement en investissant des fonds dans des initiatives de recyclage. Ce soutien nous a permis d\u2019introduire des technologies plus avanc\u00e9es et d\u2019\u00e9tendre nos capacit\u00e9s de r\u00e9duction, de r\u00e9utilisation et de recyclage. <br \/><strong>En cons\u00e9quence, nous parvenons aujourd\u2019hui \u00e0 d\u00e9tourner la quasi-totalit\u00e9 de nos d\u00e9chets des d\u00e9charges.\u202f<\/strong><\/p>\n<p>Nos r\u00e9alisations sont le reflet d\u2019un effort continu et r\u00e9solu d\u2019am\u00e9lioration. Nous reconnaissons que les pratiques durables sont vitales non seulement pour notre entreprise, mais aussi pour les communaut\u00e9s et les environnements dans lesquels nous op\u00e9rons. En cherchant \u00e0 maximiser notre recyclage et \u00e0 minimiser les d\u00e9chets mis en d\u00e9charge, nous ouvrons la voie \u00e0 un avenir plus vert pour notre industrie.<\/p>\n<p>Chez Vallourec, notre parcours en mati\u00e8re de recyclage et de r\u00e9duction est loin d\u2019\u00eatre termin\u00e9, mais nous sommes fiers de l\u2019avoir entrepris et nous attendons avec impatience la prochaine \u00e9tape.<\/p>\t\t\t\t\t\t\t\t<\/div>\n\t\t\t\t<div class=\"elementor-element elementor-element-f8e486e elementor-widget elementor-widget-spacer\" data-id=\"f8e486e\" data-element_type=\"widget\" data-e-type=\"widget\" data-widget_type=\"spacer.default\">\n\t\t\t\t\t\t\t<div class=\"elementor-spacer\">\n\t\t\t<div class=\"elementor-spacer-inner\"><\/div>\n\t\t<\/div>\n\t\t\t\t\t\t<\/div>\n\t\t\t\t\t<\/div>\n\t\t<\/div>\n\t\t\t\t\t<\/div>\n\t\t<\/section>\n\t\t\t\t<\/div>\n\t\t","protected":false},"excerpt":{"rendered":"","protected":false},"author":1,"featured_media":20513,"template":"","meta":{"_acf_changed":false},"categories":[224],"tags":[],"class_list":["post-20522","news","type-news","status-publish","has-post-thumbnail","hentry","category-environment-fr"],"acf":[],"yoast_head":"<title>Vallourec North America s\u2019engage en faveur du d\u00e9veloppement durable\u202fvia \u00e0 son parcours de recyclage - Vallourec<\/title>\n<meta name=\"description\" content=\"Chez Vallourec North America, nous savons que le d\u00e9veloppement durable n\u2019est pas une destination, mais un voyage qui exige engagement, innovation et am\u00e9lioration continue.\" \/>\n<meta name=\"robots\" content=\"index, follow, max-snippet:-1, max-image-preview:large, max-video-preview:-1\" \/>\n<link rel=\"canonical\" href=\"https:\/\/www.vallourec.com\/fr\/news\/vallourec-north-america-sengage-en-faveur-du-developpement-durable-via-a-son-parcours-de-recyclage\/\" \/>\n<meta property=\"og:locale\" content=\"fr_FR\" \/>\n<meta property=\"og:type\" content=\"article\" \/>\n<meta property=\"og:title\" content=\"Vallourec North America s\u2019engage en faveur du d\u00e9veloppement durable\u202fvia \u00e0 son parcours de recyclage - Vallourec\" \/>\n<meta property=\"og:description\" content=\"Chez Vallourec North America, nous savons que le d\u00e9veloppement durable n\u2019est pas une destination, mais un voyage qui exige engagement, innovation et am\u00e9lioration continue.\" \/>\n<meta property=\"og:url\" content=\"https:\/\/www.vallourec.com\/fr\/news\/vallourec-north-america-sengage-en-faveur-du-developpement-durable-via-a-son-parcours-de-recyclage\/\" \/>\n<meta property=\"og:site_name\" content=\"Vallourec\" \/>\n<meta property=\"article:publisher\" content=\"https:\/\/fr-fr.facebook.com\/Vallourec\/\" \/>\n<meta property=\"article:modified_time\" content=\"2024-11-19T08:35:52+00:00\" \/>\n<meta property=\"og:image\" content=\"https:\/\/www.vallourec.com\/app\/uploads\/2024\/11\/vallourec-recycling.jpg\" \/>\n\t<meta property=\"og:image:width\" content=\"1900\" \/>\n\t<meta property=\"og:image:height\" content=\"921\" \/>\n\t<meta property=\"og:image:type\" content=\"image\/jpeg\" \/>\n<meta name=\"twitter:card\" content=\"summary_large_image\" \/>\n<meta name=\"twitter:site\" content=\"@Vallourec\" \/>\n<meta name=\"twitter:label1\" content=\"Dur\u00e9e de lecture estim\u00e9e\" \/>\n\t<meta name=\"twitter:data1\" content=\"3 minutes\" \/>\n<script type=\"application\/ld+json\" class=\"yoast-schema-graph\">{\"@context\":\"https:\\\/\\\/schema.org\",\"@graph\":[{\"@type\":\"WebPage\",\"@id\":\"https:\\\/\\\/www.vallourec.com\\\/fr\\\/news\\\/vallourec-north-america-sengage-en-faveur-du-developpement-durable-via-a-son-parcours-de-recyclage\\\/\",\"url\":\"https:\\\/\\\/www.vallourec.com\\\/fr\\\/news\\\/vallourec-north-america-sengage-en-faveur-du-developpement-durable-via-a-son-parcours-de-recyclage\\\/\",\"name\":\"Vallourec North America s\u2019engage en faveur du d\u00e9veloppement durable\u202fvia \u00e0 son parcours de recyclage - Vallourec\",\"isPartOf\":{\"@id\":\"https:\\\/\\\/www.vallourec.com\\\/fr\\\/#website\"},\"primaryImageOfPage\":{\"@id\":\"https:\\\/\\\/www.vallourec.com\\\/fr\\\/news\\\/vallourec-north-america-sengage-en-faveur-du-developpement-durable-via-a-son-parcours-de-recyclage\\\/#primaryimage\"},\"image\":{\"@id\":\"https:\\\/\\\/www.vallourec.com\\\/fr\\\/news\\\/vallourec-north-america-sengage-en-faveur-du-developpement-durable-via-a-son-parcours-de-recyclage\\\/#primaryimage\"},\"thumbnailUrl\":\"https:\\\/\\\/www.vallourec.com\\\/app\\\/uploads\\\/2024\\\/11\\\/vallourec-recycling.jpg\",\"datePublished\":\"2024-11-19T08:16:22+00:00\",\"dateModified\":\"2024-11-19T08:35:52+00:00\",\"description\":\"Chez Vallourec North America, nous savons que le d\u00e9veloppement durable n\u2019est pas une destination, mais un voyage qui exige engagement, innovation et am\u00e9lioration continue.\",\"breadcrumb\":{\"@id\":\"https:\\\/\\\/www.vallourec.com\\\/fr\\\/news\\\/vallourec-north-america-sengage-en-faveur-du-developpement-durable-via-a-son-parcours-de-recyclage\\\/#breadcrumb\"},\"inLanguage\":\"fr-FR\",\"potentialAction\":[{\"@type\":\"ReadAction\",\"target\":[\"https:\\\/\\\/www.vallourec.com\\\/fr\\\/news\\\/vallourec-north-america-sengage-en-faveur-du-developpement-durable-via-a-son-parcours-de-recyclage\\\/\"]}]},{\"@type\":\"ImageObject\",\"inLanguage\":\"fr-FR\",\"@id\":\"https:\\\/\\\/www.vallourec.com\\\/fr\\\/news\\\/vallourec-north-america-sengage-en-faveur-du-developpement-durable-via-a-son-parcours-de-recyclage\\\/#primaryimage\",\"url\":\"https:\\\/\\\/www.vallourec.com\\\/app\\\/uploads\\\/2024\\\/11\\\/vallourec-recycling.jpg\",\"contentUrl\":\"https:\\\/\\\/www.vallourec.com\\\/app\\\/uploads\\\/2024\\\/11\\\/vallourec-recycling.jpg\",\"width\":1900,\"height\":921},{\"@type\":\"BreadcrumbList\",\"@id\":\"https:\\\/\\\/www.vallourec.com\\\/fr\\\/news\\\/vallourec-north-america-sengage-en-faveur-du-developpement-durable-via-a-son-parcours-de-recyclage\\\/#breadcrumb\",\"itemListElement\":[{\"@type\":\"ListItem\",\"position\":1,\"name\":\"News\",\"item\":\"https:\\\/\\\/www.vallourec.com\\\/fr\\\/news\\\/\"},{\"@type\":\"ListItem\",\"position\":2,\"name\":\"Vallourec North America s\u2019engage en faveur du d\u00e9veloppement durable\u202fvia \u00e0 son parcours de recyclage\"}]},{\"@type\":\"WebSite\",\"@id\":\"https:\\\/\\\/www.vallourec.com\\\/fr\\\/#website\",\"url\":\"https:\\\/\\\/www.vallourec.com\\\/fr\\\/\",\"name\":\"Vallourec\",\"description\":\"\",\"publisher\":{\"@id\":\"https:\\\/\\\/www.vallourec.com\\\/fr\\\/#organization\"},\"potentialAction\":[{\"@type\":\"SearchAction\",\"target\":{\"@type\":\"EntryPoint\",\"urlTemplate\":\"https:\\\/\\\/www.vallourec.com\\\/fr\\\/?s={search_term_string}\"},\"query-input\":{\"@type\":\"PropertyValueSpecification\",\"valueRequired\":true,\"valueName\":\"search_term_string\"}}],\"inLanguage\":\"fr-FR\"},{\"@type\":\"Organization\",\"@id\":\"https:\\\/\\\/www.vallourec.com\\\/fr\\\/#organization\",\"name\":\"Vallourec\",\"url\":\"https:\\\/\\\/www.vallourec.com\\\/fr\\\/\",\"logo\":{\"@type\":\"ImageObject\",\"inLanguage\":\"fr-FR\",\"@id\":\"https:\\\/\\\/www.vallourec.com\\\/fr\\\/#\\\/schema\\\/logo\\\/image\\\/\",\"url\":\"https:\\\/\\\/www.vallourec.com\\\/app\\\/uploads\\\/2024\\\/11\\\/vallourec_logo.jpg\",\"contentUrl\":\"https:\\\/\\\/www.vallourec.com\\\/app\\\/uploads\\\/2024\\\/11\\\/vallourec_logo.jpg\",\"width\":662,\"height\":500,\"caption\":\"Vallourec\"},\"image\":{\"@id\":\"https:\\\/\\\/www.vallourec.com\\\/fr\\\/#\\\/schema\\\/logo\\\/image\\\/\"},\"sameAs\":[\"https:\\\/\\\/fr-fr.facebook.com\\\/Vallourec\\\/\",\"https:\\\/\\\/x.com\\\/Vallourec\",\"https:\\\/\\\/www.instagram.com\\\/vallourec\\\/\",\"https:\\\/\\\/fr.linkedin.com\\\/company\\\/vallourec\",\"https:\\\/\\\/www.youtube.com\\\/channel\\\/UCgIl0xm1ANwajVkfCFvZr0w\"]}]}<\/script>","yoast_head_json":{"title":"Vallourec North America s\u2019engage en faveur du d\u00e9veloppement durable\u202fvia \u00e0 son parcours de recyclage - Vallourec","description":"Chez Vallourec North America, nous savons que le d\u00e9veloppement durable n\u2019est pas une destination, mais un voyage qui exige engagement, innovation et am\u00e9lioration continue.","robots":{"index":"index","follow":"follow","max-snippet":"max-snippet:-1","max-image-preview":"max-image-preview:large","max-video-preview":"max-video-preview:-1"},"canonical":"https:\/\/www.vallourec.com\/fr\/news\/vallourec-north-america-sengage-en-faveur-du-developpement-durable-via-a-son-parcours-de-recyclage\/","og_locale":"fr_FR","og_type":"article","og_title":"Vallourec North America s\u2019engage en faveur du d\u00e9veloppement durable\u202fvia \u00e0 son parcours de recyclage - Vallourec","og_description":"Chez Vallourec North America, nous savons que le d\u00e9veloppement durable n\u2019est pas une destination, mais un voyage qui exige engagement, innovation et am\u00e9lioration continue.","og_url":"https:\/\/www.vallourec.com\/fr\/news\/vallourec-north-america-sengage-en-faveur-du-developpement-durable-via-a-son-parcours-de-recyclage\/","og_site_name":"Vallourec","article_publisher":"https:\/\/fr-fr.facebook.com\/Vallourec\/","article_modified_time":"2024-11-19T08:35:52+00:00","og_image":[{"width":1900,"height":921,"url":"https:\/\/www.vallourec.com\/app\/uploads\/2024\/11\/vallourec-recycling.jpg","type":"image\/jpeg"}],"twitter_card":"summary_large_image","twitter_site":"@Vallourec","twitter_misc":{"Dur\u00e9e de lecture estim\u00e9e":"3 minutes"},"schema":{"@context":"https:\/\/schema.org","@graph":[{"@type":"WebPage","@id":"https:\/\/www.vallourec.com\/fr\/news\/vallourec-north-america-sengage-en-faveur-du-developpement-durable-via-a-son-parcours-de-recyclage\/","url":"https:\/\/www.vallourec.com\/fr\/news\/vallourec-north-america-sengage-en-faveur-du-developpement-durable-via-a-son-parcours-de-recyclage\/","name":"Vallourec North America s\u2019engage en faveur du d\u00e9veloppement durable\u202fvia \u00e0 son parcours de recyclage - Vallourec","isPartOf":{"@id":"https:\/\/www.vallourec.com\/fr\/#website"},"primaryImageOfPage":{"@id":"https:\/\/www.vallourec.com\/fr\/news\/vallourec-north-america-sengage-en-faveur-du-developpement-durable-via-a-son-parcours-de-recyclage\/#primaryimage"},"image":{"@id":"https:\/\/www.vallourec.com\/fr\/news\/vallourec-north-america-sengage-en-faveur-du-developpement-durable-via-a-son-parcours-de-recyclage\/#primaryimage"},"thumbnailUrl":"https:\/\/www.vallourec.com\/app\/uploads\/2024\/11\/vallourec-recycling.jpg","datePublished":"2024-11-19T08:16:22+00:00","dateModified":"2024-11-19T08:35:52+00:00","description":"Chez Vallourec North America, nous savons que le d\u00e9veloppement durable n\u2019est pas une destination, mais un voyage qui exige engagement, innovation et am\u00e9lioration continue.","breadcrumb":{"@id":"https:\/\/www.vallourec.com\/fr\/news\/vallourec-north-america-sengage-en-faveur-du-developpement-durable-via-a-son-parcours-de-recyclage\/#breadcrumb"},"inLanguage":"fr-FR","potentialAction":[{"@type":"ReadAction","target":["https:\/\/www.vallourec.com\/fr\/news\/vallourec-north-america-sengage-en-faveur-du-developpement-durable-via-a-son-parcours-de-recyclage\/"]}]},{"@type":"ImageObject","inLanguage":"fr-FR","@id":"https:\/\/www.vallourec.com\/fr\/news\/vallourec-north-america-sengage-en-faveur-du-developpement-durable-via-a-son-parcours-de-recyclage\/#primaryimage","url":"https:\/\/www.vallourec.com\/app\/uploads\/2024\/11\/vallourec-recycling.jpg","contentUrl":"https:\/\/www.vallourec.com\/app\/uploads\/2024\/11\/vallourec-recycling.jpg","width":1900,"height":921},{"@type":"BreadcrumbList","@id":"https:\/\/www.vallourec.com\/fr\/news\/vallourec-north-america-sengage-en-faveur-du-developpement-durable-via-a-son-parcours-de-recyclage\/#breadcrumb","itemListElement":[{"@type":"ListItem","position":1,"name":"News","item":"https:\/\/www.vallourec.com\/fr\/news\/"},{"@type":"ListItem","position":2,"name":"Vallourec North America s\u2019engage en faveur du d\u00e9veloppement durable\u202fvia \u00e0 son parcours de recyclage"}]},{"@type":"WebSite","@id":"https:\/\/www.vallourec.com\/fr\/#website","url":"https:\/\/www.vallourec.com\/fr\/","name":"Vallourec","description":"","publisher":{"@id":"https:\/\/www.vallourec.com\/fr\/#organization"},"potentialAction":[{"@type":"SearchAction","target":{"@type":"EntryPoint","urlTemplate":"https:\/\/www.vallourec.com\/fr\/?s={search_term_string}"},"query-input":{"@type":"PropertyValueSpecification","valueRequired":true,"valueName":"search_term_string"}}],"inLanguage":"fr-FR"},{"@type":"Organization","@id":"https:\/\/www.vallourec.com\/fr\/#organization","name":"Vallourec","url":"https:\/\/www.vallourec.com\/fr\/","logo":{"@type":"ImageObject","inLanguage":"fr-FR","@id":"https:\/\/www.vallourec.com\/fr\/#\/schema\/logo\/image\/","url":"https:\/\/www.vallourec.com\/app\/uploads\/2024\/11\/vallourec_logo.jpg","contentUrl":"https:\/\/www.vallourec.com\/app\/uploads\/2024\/11\/vallourec_logo.jpg","width":662,"height":500,"caption":"Vallourec"},"image":{"@id":"https:\/\/www.vallourec.com\/fr\/#\/schema\/logo\/image\/"},"sameAs":["https:\/\/fr-fr.facebook.com\/Vallourec\/","https:\/\/x.com\/Vallourec","https:\/\/www.instagram.com\/vallourec\/","https:\/\/fr.linkedin.com\/company\/vallourec","https:\/\/www.youtube.com\/channel\/UCgIl0xm1ANwajVkfCFvZr0w"]}]}},"_links":{"self":[{"href":"https:\/\/www.vallourec.com\/fr\/wp-json\/wp\/v2\/news\/20522","targetHints":{"allow":["GET"]}}],"collection":[{"href":"https:\/\/www.vallourec.com\/fr\/wp-json\/wp\/v2\/news"}],"about":[{"href":"https:\/\/www.vallourec.com\/fr\/wp-json\/wp\/v2\/types\/news"}],"author":[{"embeddable":true,"href":"https:\/\/www.vallourec.com\/fr\/wp-json\/wp\/v2\/users\/1"}],"version-history":[{"count":4,"href":"https:\/\/www.vallourec.com\/fr\/wp-json\/wp\/v2\/news\/20522\/revisions"}],"predecessor-version":[{"id":20527,"href":"https:\/\/www.vallourec.com\/fr\/wp-json\/wp\/v2\/news\/20522\/revisions\/20527"}],"wp:featuredmedia":[{"embeddable":true,"href":"https:\/\/www.vallourec.com\/fr\/wp-json\/wp\/v2\/media\/20513"}],"wp:attachment":[{"href":"https:\/\/www.vallourec.com\/fr\/wp-json\/wp\/v2\/media?parent=20522"}],"wp:term":[{"taxonomy":"category","embeddable":true,"href":"https:\/\/www.vallourec.com\/fr\/wp-json\/wp\/v2\/categories?post=20522"},{"taxonomy":"post_tag","embeddable":true,"href":"https:\/\/www.vallourec.com\/fr\/wp-json\/wp\/v2\/tags?post=20522"}],"curies":[{"name":"wp","href":"https:\/\/api.w.org\/{rel}","templated":true}]}}