{"id":18721,"date":"2024-06-25T17:11:05","date_gmt":"2024-06-25T15:11:05","guid":{"rendered":"https:\/\/www.vallourec.com\/news\/portraits-of-women-engineers-at-vallourec-a-source-of-inspiration-for-today-and-tomorrow\/"},"modified":"2024-06-25T17:30:24","modified_gmt":"2024-06-25T15:30:24","slug":"portraits-de-femmes-ingenieurs-chez-vallourec-inspiratrices-daujourdhui-et-de-demain","status":"publish","type":"news","link":"https:\/\/www.vallourec.com\/fr\/news\/portraits-de-femmes-ingenieurs-chez-vallourec-inspiratrices-daujourdhui-et-de-demain\/","title":{"rendered":"Portraits de Femmes Ing\u00e9nieurs chez Vallourec : Inspiratrices d&rsquo;Aujourd&rsquo;hui et de Demain\u00a0"},"content":{"rendered":"\t\t<div data-elementor-type=\"wp-post\" data-elementor-id=\"18721\" class=\"elementor elementor-18721 elementor-18698\">\n\t\t\t\t\t\t<section class=\"elementor-section elementor-top-section elementor-element elementor-element-14be2fa elementor-section-boxed elementor-section-height-default elementor-section-height-default\" data-id=\"14be2fa\" data-element_type=\"section\" data-e-type=\"section\">\n\t\t\t\t\t\t<div class=\"elementor-container elementor-column-gap-default\">\n\t\t\t\t\t<div class=\"elementor-column elementor-col-50 elementor-top-column elementor-element elementor-element-ca5540a\" data-id=\"ca5540a\" data-element_type=\"column\" data-e-type=\"column\">\n\t\t\t<div class=\"elementor-widget-wrap elementor-element-populated\">\n\t\t\t\t\t\t<div class=\"elementor-element elementor-element-b3eaa41 elementor-widget elementor-widget-text-editor\" data-id=\"b3eaa41\" data-element_type=\"widget\" data-e-type=\"widget\" data-widget_type=\"text-editor.default\">\n\t\t\t\t\t\t\t\t\t<p><strong>A l\u2019occasion de la journ\u00e9e internationale des femmes dans l\u2019ing\u00e9nierie, d\u00e9couvrez les portraits captivants de quelques-unes des femmes remarquables qui fa\u00e7onnent l\u2019avenir de l\u2019ing\u00e9nierie chez Vallourec. Leurs parcours inspirants d\u00e9montrent que l&rsquo;innovation transcende les genres.<\/strong><\/p><p><br \/>Ces femmes incarnent l\u2019esprit du programme Women@Vallourec, une initiative du Groupe d\u00e9di\u00e9e \u00e0 promouvoir l\u2019\u00e9galit\u00e9 femmes-hommes et \u00e0 soutenir l\u2019essor des talents f\u00e9minins au sein de Vallourec.<\/p><p>\u00a0<\/p>\t\t\t\t\t\t\t\t<\/div>\n\t\t\t\t\t<\/div>\n\t\t<\/div>\n\t\t\t\t<div class=\"elementor-column elementor-col-50 elementor-top-column elementor-element elementor-element-cc5eda5\" data-id=\"cc5eda5\" data-element_type=\"column\" data-e-type=\"column\">\n\t\t\t<div class=\"elementor-widget-wrap elementor-element-populated\">\n\t\t\t\t\t\t<div class=\"elementor-element elementor-element-17be88e elementor-widget elementor-widget-image\" data-id=\"17be88e\" data-element_type=\"widget\" data-e-type=\"widget\" data-widget_type=\"image.default\">\n\t\t\t\t\t\t\t\t\t\t\t\t\t\t\t<img fetchpriority=\"high\" decoding=\"async\" width=\"960\" height=\"480\" src=\"https:\/\/www.vallourec.com\/app\/uploads\/2024\/06\/women-vallourec.gif\" class=\"attachment-large size-large wp-image-18704\" alt=\"\" \/>\t\t\t\t\t\t\t\t\t\t\t\t\t\t\t<\/div>\n\t\t\t\t\t<\/div>\n\t\t<\/div>\n\t\t\t\t\t<\/div>\n\t\t<\/section>\n\t\t\t\t<section class=\"elementor-section elementor-top-section elementor-element elementor-element-62766c5 elementor-section-boxed elementor-section-height-default elementor-section-height-default\" data-id=\"62766c5\" data-element_type=\"section\" data-e-type=\"section\">\n\t\t\t\t\t\t<div class=\"elementor-container elementor-column-gap-default\">\n\t\t\t\t\t<div class=\"elementor-column elementor-col-100 elementor-top-column elementor-element elementor-element-033d42f\" data-id=\"033d42f\" data-element_type=\"column\" data-e-type=\"column\">\n\t\t\t<div class=\"elementor-widget-wrap elementor-element-populated\">\n\t\t\t\t\t\t<div class=\"elementor-element elementor-element-8777d05 elementor-widget elementor-widget-spacer\" data-id=\"8777d05\" data-element_type=\"widget\" data-e-type=\"widget\" data-widget_type=\"spacer.default\">\n\t\t\t\t\t\t\t<div class=\"elementor-spacer\">\n\t\t\t<div class=\"elementor-spacer-inner\"><\/div>\n\t\t<\/div>\n\t\t\t\t\t\t<\/div>\n\t\t\t\t<div class=\"elementor-element elementor-element-c2302a0 elementor-widget elementor-widget-title\" data-id=\"c2302a0\" data-element_type=\"widget\" data-e-type=\"widget\" data-widget_type=\"title.default\">\n\t\t\t\t<div class=\"elementor-widget-container\">\n\t\t\t\t\t<div>\n      <div class=\"block mb-[3rem] md:mb-none md:flex relative\">\n      <h2 class=\"w-fit title-h2 pb-2 md:pb-0 \">L\u00edvia Mangualde\u202f: une force motrice en R&amp;D <\/h2>\n      <div class=\"title-divider ml-0 mr-0 md:ml-3 self-center\"><\/div>\n      <p class=\"title-anchor -bottom-[2rem] md:bottom-[50%] right-0 \" id=\"\"><\/p>\n    <\/div>\n  <\/div>\n\t\t\t\t<\/div>\n\t\t\t\t<\/div>\n\t\t\t\t\t<\/div>\n\t\t<\/div>\n\t\t\t\t\t<\/div>\n\t\t<\/section>\n\t\t\t\t<section class=\"elementor-section elementor-top-section elementor-element elementor-element-96c7f6e elementor-section-boxed elementor-section-height-default elementor-section-height-default\" data-id=\"96c7f6e\" data-element_type=\"section\" data-e-type=\"section\">\n\t\t\t\t\t\t<div class=\"elementor-container elementor-column-gap-default\">\n\t\t\t\t\t<div class=\"elementor-column elementor-col-50 elementor-top-column elementor-element elementor-element-1277ff7\" data-id=\"1277ff7\" data-element_type=\"column\" data-e-type=\"column\">\n\t\t\t<div class=\"elementor-widget-wrap elementor-element-populated\">\n\t\t\t\t\t\t<div class=\"elementor-element elementor-element-fea0268 elementor-widget elementor-widget-image\" data-id=\"fea0268\" data-element_type=\"widget\" data-e-type=\"widget\" data-widget_type=\"image.default\">\n\t\t\t\t\t\t\t\t\t\t\t\t\t\t\t<img decoding=\"async\" width=\"500\" height=\"500\" src=\"https:\/\/www.vallourec.com\/app\/uploads\/2024\/06\/Livia-Mangualde.jpg\" class=\"attachment-full size-full wp-image-18708\" alt=\"\" srcset=\"https:\/\/www.vallourec.com\/app\/uploads\/2024\/06\/Livia-Mangualde.jpg 500w, https:\/\/www.vallourec.com\/app\/uploads\/2024\/06\/Livia-Mangualde-300x300.jpg 300w, https:\/\/www.vallourec.com\/app\/uploads\/2024\/06\/Livia-Mangualde-150x150.jpg 150w\" sizes=\"(max-width: 500px) 100vw, 500px\" \/>\t\t\t\t\t\t\t\t\t\t\t\t\t\t\t<\/div>\n\t\t\t\t\t<\/div>\n\t\t<\/div>\n\t\t\t\t<div class=\"elementor-column elementor-col-50 elementor-top-column elementor-element elementor-element-51b304f\" data-id=\"51b304f\" data-element_type=\"column\" data-e-type=\"column\">\n\t\t\t<div class=\"elementor-widget-wrap elementor-element-populated\">\n\t\t\t\t\t\t<div class=\"elementor-element elementor-element-df4bd27 elementor-widget elementor-widget-text-editor\" data-id=\"df4bd27\" data-element_type=\"widget\" data-e-type=\"widget\" data-widget_type=\"text-editor.default\">\n\t\t\t\t\t\t\t\t\t<p>La passion de L\u00edvia pour les produits l\u2019a conduite \u00e0 devenir une des femmes cl\u00e9s du programme Women@Vallourec et \u00e0 participer de mani\u00e8re active au d\u00e9veloppement de portefeuille de produits et solutions du Groupe. Ing\u00e9nieur senior \/expert en R&amp;D sur le site de Jeceaba, au Br\u00e9sil, Livia d\u00e9veloppe de nouveaux produits pour le portefeuille de produits tubulaires de Vallourec. Elle travaille \u00e9galement avec des laboratoires et coordonne les tests pour l\u2019\u00e9quipe ONE R&amp;D au Br\u00e9sil. En savoir plus sur le m\u00e9tier de L\u00edvia et son parcours chez Vallourec\u2026<\/p>\t\t\t\t\t\t\t\t<\/div>\n\t\t\t\t<div class=\"elementor-element elementor-element-c403a34 elementor-widget elementor-widget-button\" data-id=\"c403a34\" data-element_type=\"widget\" data-e-type=\"widget\" data-widget_type=\"button.default\">\n\t\t\t\t<div class=\"elementor-widget-container\">\n\t\t\t\t\t<div class=\"text-left\">\n      <a class=\"no-underline\" href=\"https:\/\/www.vallourec.com\/fr\/news\/empowering-innovation-and-women-in-engineering-meet-livia-mangualde\/\" target=\"_self\">\n      <button class=\"btn btn-primary my-1\">\n        <span class=\"pr-3 fas fa-chevron-right\"><\/span>        En savoir plus\n      <\/button>\n    <\/a>\n  <\/div>\n\t\t\t\t<\/div>\n\t\t\t\t<\/div>\n\t\t\t\t\t<\/div>\n\t\t<\/div>\n\t\t\t\t\t<\/div>\n\t\t<\/section>\n\t\t\t\t<section class=\"elementor-section elementor-top-section elementor-element elementor-element-a980592 elementor-section-boxed elementor-section-height-default elementor-section-height-default\" data-id=\"a980592\" data-element_type=\"section\" data-e-type=\"section\">\n\t\t\t\t\t\t<div class=\"elementor-container elementor-column-gap-default\">\n\t\t\t\t\t<div class=\"elementor-column elementor-col-100 elementor-top-column elementor-element elementor-element-0e92db2\" data-id=\"0e92db2\" data-element_type=\"column\" data-e-type=\"column\">\n\t\t\t<div class=\"elementor-widget-wrap elementor-element-populated\">\n\t\t\t\t\t\t<div class=\"elementor-element elementor-element-c4b222c elementor-widget elementor-widget-spacer\" data-id=\"c4b222c\" data-element_type=\"widget\" data-e-type=\"widget\" data-widget_type=\"spacer.default\">\n\t\t\t\t\t\t\t<div class=\"elementor-spacer\">\n\t\t\t<div class=\"elementor-spacer-inner\"><\/div>\n\t\t<\/div>\n\t\t\t\t\t\t<\/div>\n\t\t\t\t<div class=\"elementor-element elementor-element-7c38c0f elementor-widget elementor-widget-title\" data-id=\"7c38c0f\" data-element_type=\"widget\" data-e-type=\"widget\" data-widget_type=\"title.default\">\n\t\t\t\t<div class=\"elementor-widget-container\">\n\t\t\t\t\t<div>\n      <div class=\"block mb-[3rem] md:mb-none md:flex relative\">\n      <h2 class=\"w-fit title-h2 pb-2 md:pb-0 \">Justine Bernard : Faire avancer la transition \u00e9nerg\u00e9tique <\/h2>\n      <div class=\"title-divider ml-0 mr-0 md:ml-3 self-center\"><\/div>\n      <p class=\"title-anchor -bottom-[2rem] md:bottom-[50%] right-0 \" id=\"\"><\/p>\n    <\/div>\n  <\/div>\n\t\t\t\t<\/div>\n\t\t\t\t<\/div>\n\t\t\t\t\t<\/div>\n\t\t<\/div>\n\t\t\t\t\t<\/div>\n\t\t<\/section>\n\t\t\t\t<section class=\"elementor-section elementor-top-section elementor-element elementor-element-ae21516 elementor-section-boxed elementor-section-height-default elementor-section-height-default\" data-id=\"ae21516\" data-element_type=\"section\" data-e-type=\"section\">\n\t\t\t\t\t\t<div class=\"elementor-container elementor-column-gap-default\">\n\t\t\t\t\t<div class=\"elementor-column elementor-col-50 elementor-top-column elementor-element elementor-element-76963ca\" data-id=\"76963ca\" data-element_type=\"column\" data-e-type=\"column\">\n\t\t\t<div class=\"elementor-widget-wrap elementor-element-populated\">\n\t\t\t\t\t\t<div class=\"elementor-element elementor-element-58d1190 elementor-widget elementor-widget-image\" data-id=\"58d1190\" data-element_type=\"widget\" data-e-type=\"widget\" data-widget_type=\"image.default\">\n\t\t\t\t\t\t\t\t\t\t\t\t\t\t\t<img decoding=\"async\" width=\"500\" height=\"500\" src=\"https:\/\/www.vallourec.com\/app\/uploads\/2024\/06\/justine-bernard.jpg\" class=\"attachment-full size-full wp-image-18710\" alt=\"\" srcset=\"https:\/\/www.vallourec.com\/app\/uploads\/2024\/06\/justine-bernard.jpg 500w, https:\/\/www.vallourec.com\/app\/uploads\/2024\/06\/justine-bernard-300x300.jpg 300w, https:\/\/www.vallourec.com\/app\/uploads\/2024\/06\/justine-bernard-150x150.jpg 150w\" sizes=\"(max-width: 500px) 100vw, 500px\" \/>\t\t\t\t\t\t\t\t\t\t\t\t\t\t\t<\/div>\n\t\t\t\t\t<\/div>\n\t\t<\/div>\n\t\t\t\t<div class=\"elementor-column elementor-col-50 elementor-top-column elementor-element elementor-element-4b9714c\" data-id=\"4b9714c\" data-element_type=\"column\" data-e-type=\"column\">\n\t\t\t<div class=\"elementor-widget-wrap elementor-element-populated\">\n\t\t\t\t\t\t<div class=\"elementor-element elementor-element-5fe6469 elementor-widget elementor-widget-text-editor\" data-id=\"5fe6469\" data-element_type=\"widget\" data-e-type=\"widget\" data-widget_type=\"text-editor.default\">\n\t\t\t\t\t\t\t\t\t<p>Depuis qu&rsquo;elle a rejoint Vallourec en 2008, Justine, responsable technique du stockage de l&rsquo;hydrog\u00e8ne chez Vallourec, est devenue experte dans le c\u0153ur de m\u00e9tier du Groupe, le p\u00e9trole et le gaz. Tirant parti du programme de mobilit\u00e9 du Groupe, elle se consacre au d\u00e9veloppement de solutions bas carbone au sein de l&rsquo;\u00e9quipe Vallourec\u00ae New Energies. Son savoir-faire en mati\u00e8re d&rsquo;hydrog\u00e8ne fait d&rsquo;elle l&rsquo;une des femmes cl\u00e9s du programme Women@Vallourec qui font avancer la transition \u00e9nerg\u00e9tique. En savoir plus sur le m\u00e9tier de Justine et son parcours chez Vallourec\u2026<\/p>\t\t\t\t\t\t\t\t<\/div>\n\t\t\t\t<div class=\"elementor-element elementor-element-af09eb7 elementor-widget elementor-widget-button\" data-id=\"af09eb7\" data-element_type=\"widget\" data-e-type=\"widget\" data-widget_type=\"button.default\">\n\t\t\t\t<div class=\"elementor-widget-container\">\n\t\t\t\t\t<div class=\"text-left\">\n      <a class=\"no-underline\" href=\"https:\/\/www.vallourec.com\/fr\/news\/rencontre-avec-justine-bernard-responsable-technique-du-stockage-de-lhydrogene-chez-vallourec\/\" target=\"_self\">\n      <button class=\"btn btn-primary my-1\">\n        <span class=\"pr-3 fas fa-chevron-right\"><\/span>        En savoir plus\n      <\/button>\n    <\/a>\n  <\/div>\n\t\t\t\t<\/div>\n\t\t\t\t<\/div>\n\t\t\t\t\t<\/div>\n\t\t<\/div>\n\t\t\t\t\t<\/div>\n\t\t<\/section>\n\t\t\t\t<section class=\"elementor-section elementor-top-section elementor-element elementor-element-ef2572b elementor-section-boxed elementor-section-height-default elementor-section-height-default\" data-id=\"ef2572b\" data-element_type=\"section\" data-e-type=\"section\">\n\t\t\t\t\t\t<div class=\"elementor-container elementor-column-gap-default\">\n\t\t\t\t\t<div class=\"elementor-column elementor-col-100 elementor-top-column elementor-element elementor-element-35bc921\" data-id=\"35bc921\" data-element_type=\"column\" data-e-type=\"column\">\n\t\t\t<div class=\"elementor-widget-wrap elementor-element-populated\">\n\t\t\t\t\t\t<div class=\"elementor-element elementor-element-35fbffd elementor-widget elementor-widget-spacer\" data-id=\"35fbffd\" data-element_type=\"widget\" data-e-type=\"widget\" data-widget_type=\"spacer.default\">\n\t\t\t\t\t\t\t<div class=\"elementor-spacer\">\n\t\t\t<div class=\"elementor-spacer-inner\"><\/div>\n\t\t<\/div>\n\t\t\t\t\t\t<\/div>\n\t\t\t\t<div class=\"elementor-element elementor-element-173c7c2 elementor-widget elementor-widget-title\" data-id=\"173c7c2\" data-element_type=\"widget\" data-e-type=\"widget\" data-widget_type=\"title.default\">\n\t\t\t\t<div class=\"elementor-widget-container\">\n\t\t\t\t\t<div>\n      <div class=\"block mb-[3rem] md:mb-none md:flex relative\">\n      <h2 class=\"w-fit title-h2 pb-2 md:pb-0 \">Paula Geraghty\u202f: une femme de terrain <\/h2>\n      <div class=\"title-divider ml-0 mr-0 md:ml-3 self-center\"><\/div>\n      <p class=\"title-anchor -bottom-[2rem] md:bottom-[50%] right-0 \" id=\"\"><\/p>\n    <\/div>\n  <\/div>\n\t\t\t\t<\/div>\n\t\t\t\t<\/div>\n\t\t\t\t\t<\/div>\n\t\t<\/div>\n\t\t\t\t\t<\/div>\n\t\t<\/section>\n\t\t\t\t<section class=\"elementor-section elementor-top-section elementor-element elementor-element-29c24b4 elementor-section-boxed elementor-section-height-default elementor-section-height-default\" data-id=\"29c24b4\" data-element_type=\"section\" data-e-type=\"section\">\n\t\t\t\t\t\t<div class=\"elementor-container elementor-column-gap-default\">\n\t\t\t\t\t<div class=\"elementor-column elementor-col-50 elementor-top-column elementor-element elementor-element-c001944\" data-id=\"c001944\" data-element_type=\"column\" data-e-type=\"column\">\n\t\t\t<div class=\"elementor-widget-wrap elementor-element-populated\">\n\t\t\t\t\t\t<div class=\"elementor-element elementor-element-4ea0334 elementor-widget elementor-widget-image\" data-id=\"4ea0334\" data-element_type=\"widget\" data-e-type=\"widget\" data-widget_type=\"image.default\">\n\t\t\t\t\t\t\t\t\t\t\t\t\t\t\t<img loading=\"lazy\" decoding=\"async\" width=\"500\" height=\"500\" src=\"https:\/\/www.vallourec.com\/app\/uploads\/2024\/06\/paula-gerathly.jpg\" class=\"attachment-full size-full wp-image-18712\" alt=\"\" srcset=\"https:\/\/www.vallourec.com\/app\/uploads\/2024\/06\/paula-gerathly.jpg 500w, https:\/\/www.vallourec.com\/app\/uploads\/2024\/06\/paula-gerathly-300x300.jpg 300w, https:\/\/www.vallourec.com\/app\/uploads\/2024\/06\/paula-gerathly-150x150.jpg 150w\" sizes=\"(max-width: 500px) 100vw, 500px\" \/>\t\t\t\t\t\t\t\t\t\t\t\t\t\t\t<\/div>\n\t\t\t\t\t<\/div>\n\t\t<\/div>\n\t\t\t\t<div class=\"elementor-column elementor-col-50 elementor-top-column elementor-element elementor-element-77ae07f\" data-id=\"77ae07f\" data-element_type=\"column\" data-e-type=\"column\">\n\t\t\t<div class=\"elementor-widget-wrap elementor-element-populated\">\n\t\t\t\t\t\t<div class=\"elementor-element elementor-element-013d5e7 elementor-widget elementor-widget-text-editor\" data-id=\"013d5e7\" data-element_type=\"widget\" data-e-type=\"widget\" data-widget_type=\"text-editor.default\">\n\t\t\t\t\t\t\t\t\t<p>Avec une formation en gestion d&rsquo;entreprise, Paula Geraghty a pris la direction des op\u00e9rations du site d\u2019Aberdeen, en Ecosse, au Royaume-Uni, \u00e0 un moment charni\u00e8re pour ce site sp\u00e9cialis\u00e9 dans les activit\u00e9s P\u00e9trole et Gaz. Gr\u00e2ce \u00e0 sa patience et \u00e0 sa d\u00e9termination, elle guide continuellement son \u00e9quipe de 30 personnes afin de relever les d\u00e9fis quotidiens, ce qui fait d&rsquo;elle une digne membre du programme Women@Vallourec qui contribuent \u00e0 l&rsquo;h\u00e9ritage de l&rsquo;excellence. En savoir plus sur le m\u00e9tier de Paula et son parcours chez Vallourec\u2026<\/p>\t\t\t\t\t\t\t\t<\/div>\n\t\t\t\t<div class=\"elementor-element elementor-element-71e4ea0 elementor-widget elementor-widget-button\" data-id=\"71e4ea0\" data-element_type=\"widget\" data-e-type=\"widget\" data-widget_type=\"button.default\">\n\t\t\t\t<div class=\"elementor-widget-container\">\n\t\t\t\t\t<div class=\"text-left\">\n      <a class=\"no-underline\" href=\"https:\/\/www.vallourec.com\/fr\/news\/rencontre-avec-paula-geraghty-directrice-des-operations-chez-vallourec-au-royaume-uni\/\" target=\"_self\">\n      <button class=\"btn btn-primary my-1\">\n        <span class=\"pr-3 fas fa-chevron-right\"><\/span>        En savoir plus\n      <\/button>\n    <\/a>\n  <\/div>\n\t\t\t\t<\/div>\n\t\t\t\t<\/div>\n\t\t\t\t\t<\/div>\n\t\t<\/div>\n\t\t\t\t\t<\/div>\n\t\t<\/section>\n\t\t\t\t<section class=\"elementor-section elementor-top-section elementor-element elementor-element-ca35199 elementor-section-boxed elementor-section-height-default elementor-section-height-default\" data-id=\"ca35199\" data-element_type=\"section\" data-e-type=\"section\">\n\t\t\t\t\t\t<div class=\"elementor-container elementor-column-gap-default\">\n\t\t\t\t\t<div class=\"elementor-column elementor-col-100 elementor-top-column elementor-element elementor-element-f773514\" data-id=\"f773514\" data-element_type=\"column\" data-e-type=\"column\">\n\t\t\t<div class=\"elementor-widget-wrap elementor-element-populated\">\n\t\t\t\t\t\t<div class=\"elementor-element elementor-element-3bae8c0 elementor-widget elementor-widget-spacer\" data-id=\"3bae8c0\" data-element_type=\"widget\" data-e-type=\"widget\" data-widget_type=\"spacer.default\">\n\t\t\t\t\t\t\t<div class=\"elementor-spacer\">\n\t\t\t<div class=\"elementor-spacer-inner\"><\/div>\n\t\t<\/div>\n\t\t\t\t\t\t<\/div>\n\t\t\t\t<div class=\"elementor-element elementor-element-404e391 elementor-widget elementor-widget-title\" data-id=\"404e391\" data-element_type=\"widget\" data-e-type=\"widget\" data-widget_type=\"title.default\">\n\t\t\t\t<div class=\"elementor-widget-container\">\n\t\t\t\t\t<div>\n      <div class=\"block mb-[3rem] md:mb-none md:flex relative\">\n      <h2 class=\"w-fit title-h2 pb-2 md:pb-0 \">Binh Nguyen\u202f: Empowering Services<\/h2>\n      <div class=\"title-divider ml-0 mr-0 md:ml-3 self-center\"><\/div>\n      <p class=\"title-anchor -bottom-[2rem] md:bottom-[50%] right-0 \" id=\"\"><\/p>\n    <\/div>\n  <\/div>\n\t\t\t\t<\/div>\n\t\t\t\t<\/div>\n\t\t\t\t\t<\/div>\n\t\t<\/div>\n\t\t\t\t\t<\/div>\n\t\t<\/section>\n\t\t\t\t<section class=\"elementor-section elementor-top-section elementor-element elementor-element-05b5ce0 elementor-section-boxed elementor-section-height-default elementor-section-height-default\" data-id=\"05b5ce0\" data-element_type=\"section\" data-e-type=\"section\">\n\t\t\t\t\t\t<div class=\"elementor-container elementor-column-gap-default\">\n\t\t\t\t\t<div class=\"elementor-column elementor-col-50 elementor-top-column elementor-element elementor-element-7fdcf2a\" data-id=\"7fdcf2a\" data-element_type=\"column\" data-e-type=\"column\">\n\t\t\t<div class=\"elementor-widget-wrap elementor-element-populated\">\n\t\t\t\t\t\t<div class=\"elementor-element elementor-element-d263bd3 elementor-widget elementor-widget-image\" data-id=\"d263bd3\" data-element_type=\"widget\" data-e-type=\"widget\" data-widget_type=\"image.default\">\n\t\t\t\t\t\t\t\t\t\t\t\t\t\t\t<img loading=\"lazy\" decoding=\"async\" width=\"500\" height=\"500\" src=\"https:\/\/www.vallourec.com\/app\/uploads\/2024\/06\/Binh-Nguyen.jpg\" class=\"attachment-full size-full wp-image-18715\" alt=\"\" srcset=\"https:\/\/www.vallourec.com\/app\/uploads\/2024\/06\/Binh-Nguyen.jpg 500w, https:\/\/www.vallourec.com\/app\/uploads\/2024\/06\/Binh-Nguyen-300x300.jpg 300w, https:\/\/www.vallourec.com\/app\/uploads\/2024\/06\/Binh-Nguyen-150x150.jpg 150w\" sizes=\"(max-width: 500px) 100vw, 500px\" \/>\t\t\t\t\t\t\t\t\t\t\t\t\t\t\t<\/div>\n\t\t\t\t\t<\/div>\n\t\t<\/div>\n\t\t\t\t<div class=\"elementor-column elementor-col-50 elementor-top-column elementor-element elementor-element-7512f3b\" data-id=\"7512f3b\" data-element_type=\"column\" data-e-type=\"column\">\n\t\t\t<div class=\"elementor-widget-wrap elementor-element-populated\">\n\t\t\t\t\t\t<div class=\"elementor-element elementor-element-39f3ab3 elementor-widget elementor-widget-text-editor\" data-id=\"39f3ab3\" data-element_type=\"widget\" data-e-type=\"widget\" data-widget_type=\"text-editor.default\">\n\t\t\t\t\t\t\t\t\t<p>Chef de projet OCTG chez Vallourec, Binh apporte une riche exp\u00e9rience aux activit\u00e9s de services du Groupe, gr\u00e2ce \u00e0 son expertise dans les domaines des services p\u00e9troliers, du forage et de la mesure. Tr\u00e8s motiv\u00e9e par l\u2019opportunit\u00e9 d\u2019aider le Groupe \u00e0 passer d&rsquo;une approche centr\u00e9e sur la production \u00e0 un mod\u00e8le plus diversifi\u00e9 et orient\u00e9 vers les services, Binh supervise le projet Rover, qui consiste \u00e0 d\u00e9ployer de petits robots \u00e0 l&rsquo;int\u00e9rieur des tubes pour collecter des donn\u00e9es cruciales. En savoir plus sur le m\u00e9tier de Binh et son parcours chez Vallourec\u2026<\/p>\t\t\t\t\t\t\t\t<\/div>\n\t\t\t\t<div class=\"elementor-element elementor-element-bb10abe elementor-widget elementor-widget-button\" data-id=\"bb10abe\" data-element_type=\"widget\" data-e-type=\"widget\" data-widget_type=\"button.default\">\n\t\t\t\t<div class=\"elementor-widget-container\">\n\t\t\t\t\t<div class=\"text-left\">\n      <a class=\"no-underline\" href=\"https:\/\/www.vallourec.com\/fr\/news\/rencontre-avec-binh-nguyen-responsable-de-projet-octg\/\" target=\"_self\">\n      <button class=\"btn btn-primary my-1\">\n        <span class=\"pr-3 fas fa-chevron-right\"><\/span>        En savoir plus\n      <\/button>\n    <\/a>\n  <\/div>\n\t\t\t\t<\/div>\n\t\t\t\t<\/div>\n\t\t\t\t\t<\/div>\n\t\t<\/div>\n\t\t\t\t\t<\/div>\n\t\t<\/section>\n\t\t\t\t<section class=\"elementor-section elementor-top-section elementor-element elementor-element-8b5fb89 elementor-section-boxed elementor-section-height-default elementor-section-height-default\" data-id=\"8b5fb89\" data-element_type=\"section\" data-e-type=\"section\">\n\t\t\t\t\t\t<div class=\"elementor-container elementor-column-gap-default\">\n\t\t\t\t\t<div class=\"elementor-column elementor-col-100 elementor-top-column elementor-element elementor-element-71f4542\" data-id=\"71f4542\" data-element_type=\"column\" data-e-type=\"column\">\n\t\t\t<div class=\"elementor-widget-wrap elementor-element-populated\">\n\t\t\t\t\t\t<div class=\"elementor-element elementor-element-52efac3 elementor-widget elementor-widget-spacer\" data-id=\"52efac3\" data-element_type=\"widget\" data-e-type=\"widget\" data-widget_type=\"spacer.default\">\n\t\t\t\t\t\t\t<div class=\"elementor-spacer\">\n\t\t\t<div class=\"elementor-spacer-inner\"><\/div>\n\t\t<\/div>\n\t\t\t\t\t\t<\/div>\n\t\t\t\t\t<\/div>\n\t\t<\/div>\n\t\t\t\t\t<\/div>\n\t\t<\/section>\n\t\t\t\t<section class=\"elementor-section elementor-top-section elementor-element elementor-element-7d7901d elementor-section-boxed elementor-section-height-default elementor-section-height-default\" data-id=\"7d7901d\" data-element_type=\"section\" data-e-type=\"section\">\n\t\t\t\t\t\t<div class=\"elementor-container elementor-column-gap-default\">\n\t\t\t\t\t<div class=\"elementor-column elementor-col-100 elementor-top-column elementor-element elementor-element-3d9af6e\" data-id=\"3d9af6e\" data-element_type=\"column\" data-e-type=\"column\">\n\t\t\t<div class=\"elementor-widget-wrap elementor-element-populated\">\n\t\t\t\t\t\t<div class=\"elementor-element elementor-element-1b5f561 elementor-widget elementor-widget-content_slider\" data-id=\"1b5f561\" data-element_type=\"widget\" data-e-type=\"widget\" data-widget_type=\"content_slider.default\">\n\t\t\t\t<div class=\"elementor-widget-container\">\n\t\t\t\t\t<div class=\"px-4 lg:px-0\">\n  <div class=\"lg:hidden\">\n    <div class=\"flex custom-padding-right mb-[1rem] justify-end items-end\">\n  <div class=\"relative\">\n    <div class=\"relative select-none bg-shadow-title -z-10 mb-3\">Series<\/div>\n    <div class=\"absolute bottom-0 right-0 font-medium text-[2rem] leading-[2rem] text-black\">#TheyMakeVallourec<\/div>\n  <\/div>\n<\/div>\n  <\/div>\n\n  <div class=\"flex flex-col lg:flex-row\">\n    \n    <div class=\"w-full lg:w-1\/2\">\n      <div class=\"h-[16.25rem] sm:h-[20rem] md:h-[23.43rem] lg:h-[30.625rem] relative\">\n        <div class=\"bg-blue-primary-navy h-full w-2\/3 sm:w-5\/6 lg:w-[110%] -ml-4 sm:-ml-18 md:-ml-36 lg:-ml-48\"><\/div>\n        <div class=\"absolute bottom-[2.125rem] sm:bottom-[3rem] md:bottom-[3.5rem] lg:bottom-[4.5rem] left-[2.8125rem] bg-white h-1\/2 w-5\/6 lg:w-[110%]\"><\/div>\n        <div\n          id=\"contentSlider-2687a5bc1b-slide-image\"\n          class=\"absolute bottom-[2.625rem] sm:bottom-[3.5rem] md:bottom-[4rem] lg:bottom-[5rem] left-[3.3125rem] right-0 duration-500 transition-all h-3\/4 pr-[3.3125rem]\"\n        >\n          <picture class=\"flex justify-center items-end w-full h-full duration-700 transition-opacity opacity-0\">\n            <source srcset=\"\" media=\"(max-width: 768px)\">\n            <img decoding=\"async\" src=\"\" alt=\"\" loading=\"lazy\" class=\"w-auto h-auto object-cover select-none pointer-events-none\">\n          <\/picture>\n        <\/div>\n      <\/div>\n    <\/div>\n    <div class=\"w-full lg:w-1\/2 lg:ml-4 flex flex-col justify-between mt-4 lg:mt-0 z-10\">\n      <div class=\"hidden lg:block\">\n        <div class=\"flex custom-padding-right mb-[1rem] justify-end items-end\">\n  <div class=\"relative\">\n    <div class=\"relative select-none bg-shadow-title -z-10 mb-3\">Series<\/div>\n    <div class=\"absolute bottom-0 right-0 font-medium text-[2rem] leading-[2rem] text-black\">#TheyMakeVallourec<\/div>\n  <\/div>\n<\/div>\n      <\/div>\n\n      \n      <div class=\"flex flex-col gap-y-4\">\n        <div id=\"contentSlider-2687a5bc1b-slide-title\" class=\"font-bold text-blue-secondary-800 text-[1.5rem]\">Amy Paff<\/div>\n        <div id=\"contentSlider-2687a5bc1b-slide-description\" class=\"text-gray-500 text-[1rem]\"><p>\u00a0<\/p><p>A l'occasion de la Journ\u00e9e Mondiale de l'Environnement 2024, d\u00e9couvrez le portrait d'Amy Paff, Environmental Program Manager, Vallourec North America<\/p><\/div>\n        <div id=\"contentSlider-2687a5bc1b-slide-cta-content\" class=\"py-4 \">\n          <a\n            id=\"contentSlider-2687a5bc1b-slide-link\"\n            href=\"https:\/\/www.youtube.com\/watch?v=vNrN6_msoNo\"\n            class=\"block max-w-fit\"\n            target=\"_blank\"\n          >\n            <button id=\"contentSlider-2687a5bc1b-slide-cta-text\" class=\"btn btn-cta\">Regardez l'\u00e9pisode<\/button>\n          <\/a>\n        <\/div>\n      <\/div>\n\n      \n      <div class=\"h-[0.5rem] mt-[1rem] mb-[0.75rem] flex gap-[0.5rem]\">\n                              <div\n              class=\"contentSlider-2687a5bc1b-pagination rounded-full flex-1 cursor-pointer bg-blue-secondary-200 transition-all overflow-hidden\"\n              data-slide-id=\"0\"\n              tabindex=\"0\"\n            >\n              <div\n                class=\"contentSlider-2687a5bc1b-pagination-content w-0 h-full bg-blue-secondary-600 carousel-slide-progress\"\n                style=\"transition-duration: 5s;\"\n              ><\/div>\n            <\/div>\n                      <div\n              class=\"contentSlider-2687a5bc1b-pagination rounded-full flex-1 cursor-pointer bg-blue-secondary-200 transition-all overflow-hidden\"\n              data-slide-id=\"1\"\n              tabindex=\"0\"\n            >\n              <div\n                class=\"contentSlider-2687a5bc1b-pagination-content w-0 h-full bg-blue-secondary-600 carousel-slide-progress\"\n                style=\"transition-duration: 5s;\"\n              ><\/div>\n            <\/div>\n                        <\/div>\n    <\/div>\n  <\/div>\n<\/div>\n\n<script>\n(function(widgetId) {\n  const slideImage = document.querySelector('#' + widgetId + '-slide-image picture');\n  const slideTitle = document.querySelector('#' + widgetId + '-slide-title');\n  const slideDescription = document.querySelector('#' + widgetId + '-slide-description');\n  const slideCtaContent = document.querySelector('#' + widgetId + '-slide-cta-content');\n  const slideCtaText = document.querySelector('#' + widgetId + '-slide-cta-text');\n  const slideLink = document.querySelector('#' + widgetId + '-slide-link');\n\n  const slides = [{\"image_d\":\"https:\\\/\\\/www.vallourec.com\\\/app\\\/uploads\\\/2024\\\/06\\\/amy-paf.jpg\",\"image_m\":\"https:\\\/\\\/www.vallourec.com\\\/app\\\/uploads\\\/2024\\\/06\\\/amy-paf.jpg\",\"image_alt\":\"\",\"link\":\"https:\\\/\\\/www.youtube.com\\\/watch?v=vNrN6_msoNo\",\"link_type\":\"_blank\",\"cta\":\"Regardez l'\\u00e9pisode\",\"title\":\"Amy Paff\",\"description\":\"<p>\\u00a0<\\\/p><p>A l'occasion de la Journ\\u00e9e Mondiale de l'Environnement 2024, d\\u00e9couvrez le portrait d'Amy Paff, Environmental Program Manager, Vallourec North America<\\\/p>\"},{\"image_d\":\"https:\\\/\\\/www.vallourec.com\\\/app\\\/uploads\\\/2024\\\/03\\\/melanie-fauvel.jpg\",\"image_m\":\"https:\\\/\\\/www.vallourec.com\\\/app\\\/uploads\\\/2024\\\/03\\\/melanie-fauvel.jpg\",\"image_alt\":\"\",\"link\":\"https:\\\/\\\/www.youtube.com\\\/watch?v=d1BG5EsEw2s\",\"link_type\":\"_blank\",\"cta\":\"Regardez l'\\u00e9pisode\",\"title\":\"M\\u00e9lanie Fauvel\",\"description\":\"<p>\\u00a0<\\\/p><p>Dans ce nouvel \\u00e9pisode, M\\u00e9lanie Fauvel nous fait d\\u00e9couvrir l\\u2019activit\\u00e9 Accessoires de Vallourec !<\\\/p>\"}];\n  const total = 2;\n  const speed = 5;\n  let id = -1;\n  let time = new Date();\n  let seconds = 0;\n\n  \/\/ Manages slide change action\n  const handleAction = (element) => {\n    const slideId = parseInt(element.dataset.slideId);\n    if (slideId !== id) {\n      slideImage.classList.remove('opacity-100');\n      slideImage.classList.add('opacity-0');\n      setTimeout(() => switchSlide(slideId), 300);\n    }\n  }\n\n  \/\/ Listening for actions\n  document.querySelectorAll(\".\" + widgetId + \"-pagination\").forEach(div => {\n    \/\/ Mouse click\n    div.addEventListener(\"click\", function() {\n      handleAction(this);\n    });\n\n    \/\/ Enter or Space key (accessibility)\n    div.addEventListener(\"keydown\", function(event) {\n      if (event.key === 'Enter') {\n        handleAction(this);\n      }\n    });\n  });\n\n  \/\/ Change current slide\n  const switchSlide = (new_id) => {\n    if (id !== new_id) {\n      const source = slideImage.querySelector('source');\n      const img = slideImage.querySelector('img');\n\n      source.srcset = slides[new_id]['image_m'];\n      img.src = slides[new_id]['image_d'];\n      img.alt = slides[new_id]['image_alt'];\n\n      slideTitle.innerText = slides[new_id]['title'];\n      slideDescription.innerHTML = slides[new_id]['description'];\n\n      if (slides[new_id]['cta'] !== '') {\n        slideCtaContent.classList.remove('hidden');\n        slideLink.href = slides[new_id]['link'];\n        slideLink.target = slides[new_id]['link_type'];\n        slideCtaText.innerText = slides[new_id]['cta'];\n      } else {\n        slideCtaContent.classList.add('hidden');\n        slideLink.href = '';\n        slideLink.target = '_self';\n        slideCtaText.innerText = '';\n      }\n\n      \/\/ Prevent animation if there is only one slide\n      if (slides.length > 1) {\n        \/\/ Prevent crash when page loads\n        if (id !== -1) {\n          document.querySelectorAll(\".\" + widgetId + \"-pagination-content\")[id].classList.remove('active-slide');\n        }\n\n        document.querySelectorAll(\".\" + widgetId + \"-pagination-content\")[new_id].classList.add('active-slide');\n      }\n\n      \/\/ Transition animation\n      slideImage.classList.remove('opacity-0');\n      slideImage.classList.add('opacity-100');\n\n      id = new_id;\n      seconds = 0;\n    }\n  }\n\n  \/\/ Timer to handle automatic sliding\n  setInterval(() => {\n    seconds++;\n    if (seconds === speed) {\n      let new_id = id + 1;\n      if (new_id === total) {\n        new_id = 0;\n      }\n\n      \/\/ Prevent animation if there is only one slide\n      if (slides.length > 1) {\n        \/\/ Transition animation\n        slideImage.classList.remove('opacity-100');\n        slideImage.classList.add('opacity-0');\n\n        setTimeout(() => switchSlide(new_id), 300);\n      }\n    }\n  }, 1000);\n\n  \/\/ Starts the carousel when the page is loaded\n  setTimeout(() => switchSlide(0), 500);\n})('contentSlider-2687a5bc1b');\n<\/script>\n\t\t\t\t<\/div>\n\t\t\t\t<\/div>\n\t\t\t\t\t<\/div>\n\t\t<\/div>\n\t\t\t\t\t<\/div>\n\t\t<\/section>\n\t\t\t\t<\/div>\n\t\t","protected":false},"excerpt":{"rendered":"","protected":false},"author":1,"featured_media":18702,"template":"","meta":{"_acf_changed":false},"categories":[236],"tags":[],"class_list":["post-18721","news","type-news","status-publish","has-post-thumbnail","hentry","category-careers-fr"],"acf":[],"yoast_head":"<title>Portraits de Femmes Ing\u00e9nieurs chez Vallourec : Inspiratrices d&#039;Aujourd&#039;hui et de Demain\u00a0 - Vallourec<\/title>\n<meta name=\"description\" content=\"A l\u2019occasion de la journ\u00e9e internationale des femmes dans l\u2019ing\u00e9nierie, d\u00e9couvrez les portraits captivants de quelques-unes des femmes remarquables qui fa\u00e7onnent l\u2019avenir de l\u2019ing\u00e9nierie chez Vallourec.\" \/>\n<meta name=\"robots\" content=\"index, follow, max-snippet:-1, max-image-preview:large, max-video-preview:-1\" \/>\n<link rel=\"canonical\" href=\"https:\/\/www.vallourec.com\/fr\/news\/portraits-de-femmes-ingenieurs-chez-vallourec-inspiratrices-daujourdhui-et-de-demain\/\" \/>\n<meta property=\"og:locale\" content=\"fr_FR\" \/>\n<meta property=\"og:type\" content=\"article\" \/>\n<meta property=\"og:title\" content=\"Portraits de Femmes Ing\u00e9nieurs chez Vallourec : Inspiratrices d&#039;Aujourd&#039;hui et de Demain\u00a0 - Vallourec\" \/>\n<meta property=\"og:description\" content=\"A l\u2019occasion de la journ\u00e9e internationale des femmes dans l\u2019ing\u00e9nierie, d\u00e9couvrez les portraits captivants de quelques-unes des femmes remarquables qui fa\u00e7onnent l\u2019avenir de l\u2019ing\u00e9nierie chez Vallourec.\" \/>\n<meta property=\"og:url\" content=\"https:\/\/www.vallourec.com\/fr\/news\/portraits-de-femmes-ingenieurs-chez-vallourec-inspiratrices-daujourdhui-et-de-demain\/\" \/>\n<meta property=\"og:site_name\" content=\"Vallourec\" \/>\n<meta property=\"article:publisher\" content=\"https:\/\/fr-fr.facebook.com\/Vallourec\/\" \/>\n<meta property=\"article:modified_time\" content=\"2024-06-25T15:30:24+00:00\" \/>\n<meta property=\"og:image\" content=\"https:\/\/www.vallourec.com\/app\/uploads\/2024\/06\/vallourec-women-header.jpg\" \/>\n\t<meta property=\"og:image:width\" content=\"2274\" \/>\n\t<meta property=\"og:image:height\" content=\"783\" \/>\n\t<meta property=\"og:image:type\" content=\"image\/jpeg\" \/>\n<meta name=\"twitter:card\" content=\"summary_large_image\" \/>\n<meta name=\"twitter:site\" content=\"@Vallourec\" \/>\n<meta name=\"twitter:label1\" content=\"Dur\u00e9e de lecture estim\u00e9e\" \/>\n\t<meta name=\"twitter:data1\" content=\"4 minutes\" \/>\n<script type=\"application\/ld+json\" class=\"yoast-schema-graph\">{\"@context\":\"https:\\\/\\\/schema.org\",\"@graph\":[{\"@type\":\"WebPage\",\"@id\":\"https:\\\/\\\/www.vallourec.com\\\/fr\\\/news\\\/portraits-de-femmes-ingenieurs-chez-vallourec-inspiratrices-daujourdhui-et-de-demain\\\/\",\"url\":\"https:\\\/\\\/www.vallourec.com\\\/fr\\\/news\\\/portraits-de-femmes-ingenieurs-chez-vallourec-inspiratrices-daujourdhui-et-de-demain\\\/\",\"name\":\"Portraits de Femmes Ing\u00e9nieurs chez Vallourec : Inspiratrices d'Aujourd'hui et de Demain\u00a0 - Vallourec\",\"isPartOf\":{\"@id\":\"https:\\\/\\\/www.vallourec.com\\\/fr\\\/#website\"},\"primaryImageOfPage\":{\"@id\":\"https:\\\/\\\/www.vallourec.com\\\/fr\\\/news\\\/portraits-de-femmes-ingenieurs-chez-vallourec-inspiratrices-daujourdhui-et-de-demain\\\/#primaryimage\"},\"image\":{\"@id\":\"https:\\\/\\\/www.vallourec.com\\\/fr\\\/news\\\/portraits-de-femmes-ingenieurs-chez-vallourec-inspiratrices-daujourdhui-et-de-demain\\\/#primaryimage\"},\"thumbnailUrl\":\"https:\\\/\\\/www.vallourec.com\\\/app\\\/uploads\\\/2024\\\/06\\\/vallourec-women-header.jpg\",\"datePublished\":\"2024-06-25T15:11:05+00:00\",\"dateModified\":\"2024-06-25T15:30:24+00:00\",\"description\":\"A l\u2019occasion de la journ\u00e9e internationale des femmes dans l\u2019ing\u00e9nierie, d\u00e9couvrez les portraits captivants de quelques-unes des femmes remarquables qui fa\u00e7onnent l\u2019avenir de l\u2019ing\u00e9nierie chez Vallourec.\",\"breadcrumb\":{\"@id\":\"https:\\\/\\\/www.vallourec.com\\\/fr\\\/news\\\/portraits-de-femmes-ingenieurs-chez-vallourec-inspiratrices-daujourdhui-et-de-demain\\\/#breadcrumb\"},\"inLanguage\":\"fr-FR\",\"potentialAction\":[{\"@type\":\"ReadAction\",\"target\":[\"https:\\\/\\\/www.vallourec.com\\\/fr\\\/news\\\/portraits-de-femmes-ingenieurs-chez-vallourec-inspiratrices-daujourdhui-et-de-demain\\\/\"]}]},{\"@type\":\"ImageObject\",\"inLanguage\":\"fr-FR\",\"@id\":\"https:\\\/\\\/www.vallourec.com\\\/fr\\\/news\\\/portraits-de-femmes-ingenieurs-chez-vallourec-inspiratrices-daujourdhui-et-de-demain\\\/#primaryimage\",\"url\":\"https:\\\/\\\/www.vallourec.com\\\/app\\\/uploads\\\/2024\\\/06\\\/vallourec-women-header.jpg\",\"contentUrl\":\"https:\\\/\\\/www.vallourec.com\\\/app\\\/uploads\\\/2024\\\/06\\\/vallourec-women-header.jpg\",\"width\":2274,\"height\":783},{\"@type\":\"BreadcrumbList\",\"@id\":\"https:\\\/\\\/www.vallourec.com\\\/fr\\\/news\\\/portraits-de-femmes-ingenieurs-chez-vallourec-inspiratrices-daujourdhui-et-de-demain\\\/#breadcrumb\",\"itemListElement\":[{\"@type\":\"ListItem\",\"position\":1,\"name\":\"News\",\"item\":\"https:\\\/\\\/www.vallourec.com\\\/fr\\\/news\\\/\"},{\"@type\":\"ListItem\",\"position\":2,\"name\":\"Portraits de Femmes Ing\u00e9nieurs chez Vallourec : Inspiratrices d&#8217;Aujourd&#8217;hui et de Demain\u00a0\"}]},{\"@type\":\"WebSite\",\"@id\":\"https:\\\/\\\/www.vallourec.com\\\/fr\\\/#website\",\"url\":\"https:\\\/\\\/www.vallourec.com\\\/fr\\\/\",\"name\":\"Vallourec\",\"description\":\"\",\"publisher\":{\"@id\":\"https:\\\/\\\/www.vallourec.com\\\/fr\\\/#organization\"},\"potentialAction\":[{\"@type\":\"SearchAction\",\"target\":{\"@type\":\"EntryPoint\",\"urlTemplate\":\"https:\\\/\\\/www.vallourec.com\\\/fr\\\/?s={search_term_string}\"},\"query-input\":{\"@type\":\"PropertyValueSpecification\",\"valueRequired\":true,\"valueName\":\"search_term_string\"}}],\"inLanguage\":\"fr-FR\"},{\"@type\":\"Organization\",\"@id\":\"https:\\\/\\\/www.vallourec.com\\\/fr\\\/#organization\",\"name\":\"Vallourec\",\"url\":\"https:\\\/\\\/www.vallourec.com\\\/fr\\\/\",\"logo\":{\"@type\":\"ImageObject\",\"inLanguage\":\"fr-FR\",\"@id\":\"https:\\\/\\\/www.vallourec.com\\\/fr\\\/#\\\/schema\\\/logo\\\/image\\\/\",\"url\":\"https:\\\/\\\/www.vallourec.com\\\/app\\\/uploads\\\/2024\\\/11\\\/vallourec_logo.jpg\",\"contentUrl\":\"https:\\\/\\\/www.vallourec.com\\\/app\\\/uploads\\\/2024\\\/11\\\/vallourec_logo.jpg\",\"width\":662,\"height\":500,\"caption\":\"Vallourec\"},\"image\":{\"@id\":\"https:\\\/\\\/www.vallourec.com\\\/fr\\\/#\\\/schema\\\/logo\\\/image\\\/\"},\"sameAs\":[\"https:\\\/\\\/fr-fr.facebook.com\\\/Vallourec\\\/\",\"https:\\\/\\\/x.com\\\/Vallourec\",\"https:\\\/\\\/www.instagram.com\\\/vallourec\\\/\",\"https:\\\/\\\/fr.linkedin.com\\\/company\\\/vallourec\",\"https:\\\/\\\/www.youtube.com\\\/channel\\\/UCgIl0xm1ANwajVkfCFvZr0w\"]}]}<\/script>","yoast_head_json":{"title":"Portraits de Femmes Ing\u00e9nieurs chez Vallourec : Inspiratrices d'Aujourd'hui et de Demain\u00a0 - Vallourec","description":"A l\u2019occasion de la journ\u00e9e internationale des femmes dans l\u2019ing\u00e9nierie, d\u00e9couvrez les portraits captivants de quelques-unes des femmes remarquables qui fa\u00e7onnent l\u2019avenir de l\u2019ing\u00e9nierie chez Vallourec.","robots":{"index":"index","follow":"follow","max-snippet":"max-snippet:-1","max-image-preview":"max-image-preview:large","max-video-preview":"max-video-preview:-1"},"canonical":"https:\/\/www.vallourec.com\/fr\/news\/portraits-de-femmes-ingenieurs-chez-vallourec-inspiratrices-daujourdhui-et-de-demain\/","og_locale":"fr_FR","og_type":"article","og_title":"Portraits de Femmes Ing\u00e9nieurs chez Vallourec : Inspiratrices d'Aujourd'hui et de Demain\u00a0 - Vallourec","og_description":"A l\u2019occasion de la journ\u00e9e internationale des femmes dans l\u2019ing\u00e9nierie, d\u00e9couvrez les portraits captivants de quelques-unes des femmes remarquables qui fa\u00e7onnent l\u2019avenir de l\u2019ing\u00e9nierie chez Vallourec.","og_url":"https:\/\/www.vallourec.com\/fr\/news\/portraits-de-femmes-ingenieurs-chez-vallourec-inspiratrices-daujourdhui-et-de-demain\/","og_site_name":"Vallourec","article_publisher":"https:\/\/fr-fr.facebook.com\/Vallourec\/","article_modified_time":"2024-06-25T15:30:24+00:00","og_image":[{"width":2274,"height":783,"url":"https:\/\/www.vallourec.com\/app\/uploads\/2024\/06\/vallourec-women-header.jpg","type":"image\/jpeg"}],"twitter_card":"summary_large_image","twitter_site":"@Vallourec","twitter_misc":{"Dur\u00e9e de lecture estim\u00e9e":"4 minutes"},"schema":{"@context":"https:\/\/schema.org","@graph":[{"@type":"WebPage","@id":"https:\/\/www.vallourec.com\/fr\/news\/portraits-de-femmes-ingenieurs-chez-vallourec-inspiratrices-daujourdhui-et-de-demain\/","url":"https:\/\/www.vallourec.com\/fr\/news\/portraits-de-femmes-ingenieurs-chez-vallourec-inspiratrices-daujourdhui-et-de-demain\/","name":"Portraits de Femmes Ing\u00e9nieurs chez Vallourec : Inspiratrices d'Aujourd'hui et de Demain\u00a0 - Vallourec","isPartOf":{"@id":"https:\/\/www.vallourec.com\/fr\/#website"},"primaryImageOfPage":{"@id":"https:\/\/www.vallourec.com\/fr\/news\/portraits-de-femmes-ingenieurs-chez-vallourec-inspiratrices-daujourdhui-et-de-demain\/#primaryimage"},"image":{"@id":"https:\/\/www.vallourec.com\/fr\/news\/portraits-de-femmes-ingenieurs-chez-vallourec-inspiratrices-daujourdhui-et-de-demain\/#primaryimage"},"thumbnailUrl":"https:\/\/www.vallourec.com\/app\/uploads\/2024\/06\/vallourec-women-header.jpg","datePublished":"2024-06-25T15:11:05+00:00","dateModified":"2024-06-25T15:30:24+00:00","description":"A l\u2019occasion de la journ\u00e9e internationale des femmes dans l\u2019ing\u00e9nierie, d\u00e9couvrez les portraits captivants de quelques-unes des femmes remarquables qui fa\u00e7onnent l\u2019avenir de l\u2019ing\u00e9nierie chez Vallourec.","breadcrumb":{"@id":"https:\/\/www.vallourec.com\/fr\/news\/portraits-de-femmes-ingenieurs-chez-vallourec-inspiratrices-daujourdhui-et-de-demain\/#breadcrumb"},"inLanguage":"fr-FR","potentialAction":[{"@type":"ReadAction","target":["https:\/\/www.vallourec.com\/fr\/news\/portraits-de-femmes-ingenieurs-chez-vallourec-inspiratrices-daujourdhui-et-de-demain\/"]}]},{"@type":"ImageObject","inLanguage":"fr-FR","@id":"https:\/\/www.vallourec.com\/fr\/news\/portraits-de-femmes-ingenieurs-chez-vallourec-inspiratrices-daujourdhui-et-de-demain\/#primaryimage","url":"https:\/\/www.vallourec.com\/app\/uploads\/2024\/06\/vallourec-women-header.jpg","contentUrl":"https:\/\/www.vallourec.com\/app\/uploads\/2024\/06\/vallourec-women-header.jpg","width":2274,"height":783},{"@type":"BreadcrumbList","@id":"https:\/\/www.vallourec.com\/fr\/news\/portraits-de-femmes-ingenieurs-chez-vallourec-inspiratrices-daujourdhui-et-de-demain\/#breadcrumb","itemListElement":[{"@type":"ListItem","position":1,"name":"News","item":"https:\/\/www.vallourec.com\/fr\/news\/"},{"@type":"ListItem","position":2,"name":"Portraits de Femmes Ing\u00e9nieurs chez Vallourec : Inspiratrices d&#8217;Aujourd&#8217;hui et de Demain\u00a0"}]},{"@type":"WebSite","@id":"https:\/\/www.vallourec.com\/fr\/#website","url":"https:\/\/www.vallourec.com\/fr\/","name":"Vallourec","description":"","publisher":{"@id":"https:\/\/www.vallourec.com\/fr\/#organization"},"potentialAction":[{"@type":"SearchAction","target":{"@type":"EntryPoint","urlTemplate":"https:\/\/www.vallourec.com\/fr\/?s={search_term_string}"},"query-input":{"@type":"PropertyValueSpecification","valueRequired":true,"valueName":"search_term_string"}}],"inLanguage":"fr-FR"},{"@type":"Organization","@id":"https:\/\/www.vallourec.com\/fr\/#organization","name":"Vallourec","url":"https:\/\/www.vallourec.com\/fr\/","logo":{"@type":"ImageObject","inLanguage":"fr-FR","@id":"https:\/\/www.vallourec.com\/fr\/#\/schema\/logo\/image\/","url":"https:\/\/www.vallourec.com\/app\/uploads\/2024\/11\/vallourec_logo.jpg","contentUrl":"https:\/\/www.vallourec.com\/app\/uploads\/2024\/11\/vallourec_logo.jpg","width":662,"height":500,"caption":"Vallourec"},"image":{"@id":"https:\/\/www.vallourec.com\/fr\/#\/schema\/logo\/image\/"},"sameAs":["https:\/\/fr-fr.facebook.com\/Vallourec\/","https:\/\/x.com\/Vallourec","https:\/\/www.instagram.com\/vallourec\/","https:\/\/fr.linkedin.com\/company\/vallourec","https:\/\/www.youtube.com\/channel\/UCgIl0xm1ANwajVkfCFvZr0w"]}]}},"_links":{"self":[{"href":"https:\/\/www.vallourec.com\/fr\/wp-json\/wp\/v2\/news\/18721","targetHints":{"allow":["GET"]}}],"collection":[{"href":"https:\/\/www.vallourec.com\/fr\/wp-json\/wp\/v2\/news"}],"about":[{"href":"https:\/\/www.vallourec.com\/fr\/wp-json\/wp\/v2\/types\/news"}],"author":[{"embeddable":true,"href":"https:\/\/www.vallourec.com\/fr\/wp-json\/wp\/v2\/users\/1"}],"version-history":[{"count":7,"href":"https:\/\/www.vallourec.com\/fr\/wp-json\/wp\/v2\/news\/18721\/revisions"}],"predecessor-version":[{"id":18746,"href":"https:\/\/www.vallourec.com\/fr\/wp-json\/wp\/v2\/news\/18721\/revisions\/18746"}],"wp:featuredmedia":[{"embeddable":true,"href":"https:\/\/www.vallourec.com\/fr\/wp-json\/wp\/v2\/media\/18702"}],"wp:attachment":[{"href":"https:\/\/www.vallourec.com\/fr\/wp-json\/wp\/v2\/media?parent=18721"}],"wp:term":[{"taxonomy":"category","embeddable":true,"href":"https:\/\/www.vallourec.com\/fr\/wp-json\/wp\/v2\/categories?post=18721"},{"taxonomy":"post_tag","embeddable":true,"href":"https:\/\/www.vallourec.com\/fr\/wp-json\/wp\/v2\/tags?post=18721"}],"curies":[{"name":"wp","href":"https:\/\/api.w.org\/{rel}","templated":true}]}}