{"id":16387,"date":"2024-03-29T15:26:43","date_gmt":"2024-03-29T14:26:43","guid":{"rendered":"https:\/\/www.vallourec.com\/news\/meet-paula-geraghty-operations-manager-vallourec-in-uk\/"},"modified":"2024-03-29T16:37:54","modified_gmt":"2024-03-29T15:37:54","slug":"rencontre-avec-paula-geraghty-directrice-des-operations-chez-vallourec-au-royaume-uni","status":"publish","type":"news","link":"https:\/\/www.vallourec.com\/fr\/news\/rencontre-avec-paula-geraghty-directrice-des-operations-chez-vallourec-au-royaume-uni\/","title":{"rendered":"Rencontre avec Paula Geraghty, directrice des op\u00e9rations chez Vallourec au Royaume-Uni"},"content":{"rendered":"\t\t<div data-elementor-type=\"wp-post\" data-elementor-id=\"16387\" class=\"elementor elementor-16387 elementor-16367\">\n\t\t\t\t\t\t<section class=\"elementor-section elementor-top-section elementor-element elementor-element-0c19503 elementor-section-boxed elementor-section-height-default elementor-section-height-default\" data-id=\"0c19503\" data-element_type=\"section\" data-e-type=\"section\">\n\t\t\t\t\t\t<div class=\"elementor-container elementor-column-gap-default\">\n\t\t\t\t\t<div class=\"elementor-column elementor-col-100 elementor-top-column elementor-element elementor-element-cd54113\" data-id=\"cd54113\" data-element_type=\"column\" data-e-type=\"column\">\n\t\t\t<div class=\"elementor-widget-wrap elementor-element-populated\">\n\t\t\t\t\t\t<div class=\"elementor-element elementor-element-01ec23b elementor-widget elementor-widget-text-editor\" data-id=\"01ec23b\" data-element_type=\"widget\" data-e-type=\"widget\" data-widget_type=\"text-editor.default\">\n\t\t\t\t\t\t\t\t\t<p>Avec une formation en gestion d&rsquo;entreprise, Paula Geraghty a pris la direction des op\u00e9rations de l&rsquo;usine d&rsquo;Aberdeen \u00e0 un moment charni\u00e8re. Gr\u00e2ce \u00e0 sa patience et \u00e0 sa d\u00e9termination, elle guide continuellement son \u00e9quipe pour qu&rsquo;elle rel\u00e8ve les d\u00e9fis quotidiens, ce qui fait d&rsquo;elle une digne membre du programme Women@Vallourec qui contribuent \u00e0 l&rsquo;h\u00e9ritage de l&rsquo;excellence.<\/p><p>\u00a0<\/p>\t\t\t\t\t\t\t\t<\/div>\n\t\t\t\t\t<\/div>\n\t\t<\/div>\n\t\t\t\t\t<\/div>\n\t\t<\/section>\n\t\t\t\t<section class=\"elementor-section elementor-top-section elementor-element elementor-element-b41efe0 elementor-section-boxed elementor-section-height-default elementor-section-height-default\" data-id=\"b41efe0\" data-element_type=\"section\" data-e-type=\"section\">\n\t\t\t\t\t\t<div class=\"elementor-container elementor-column-gap-default\">\n\t\t\t\t\t<div class=\"elementor-column elementor-col-100 elementor-top-column elementor-element elementor-element-240b36d\" data-id=\"240b36d\" data-element_type=\"column\" data-e-type=\"column\">\n\t\t\t<div class=\"elementor-widget-wrap elementor-element-populated\">\n\t\t\t\t\t\t<div class=\"elementor-element elementor-element-779075b elementor-widget elementor-widget-spacer\" data-id=\"779075b\" data-element_type=\"widget\" data-e-type=\"widget\" data-widget_type=\"spacer.default\">\n\t\t\t\t\t\t\t<div class=\"elementor-spacer\">\n\t\t\t<div class=\"elementor-spacer-inner\"><\/div>\n\t\t<\/div>\n\t\t\t\t\t\t<\/div>\n\t\t\t\t<div class=\"elementor-element elementor-element-eb8e909 elementor-widget elementor-widget-title\" data-id=\"eb8e909\" data-element_type=\"widget\" data-e-type=\"widget\" data-widget_type=\"title.default\">\n\t\t\t\t<div class=\"elementor-widget-container\">\n\t\t\t\t\t<div>\n      <div class=\"block mb-[3rem] md:mb-none md:flex relative\">\n      <h2 class=\"w-fit title-h2 pb-2 md:pb-0 \">Quel est votre r\u00f4le chez Vallourec ?<\/h2>\n      <div class=\"title-divider ml-0 mr-0 md:ml-3 self-center\"><\/div>\n      <p class=\"title-anchor -bottom-[2rem] md:bottom-[50%] right-0 \" id=\"\"><\/p>\n    <\/div>\n  <\/div>\n\t\t\t\t<\/div>\n\t\t\t\t<\/div>\n\t\t\t\t<div class=\"elementor-element elementor-element-d2f3fd0 elementor-widget elementor-widget-text-editor\" data-id=\"d2f3fd0\" data-element_type=\"widget\" data-e-type=\"widget\" data-widget_type=\"text-editor.default\">\n\t\t\t\t\t\t\t\t\t<p>Je supervise le site d&rsquo;Aberdeen de Vallourec, o\u00f9 nous fabriquons et r\u00e9parons des tubes OCTG (Oil Country Tubular Goods), tubes, des accessoires, des couplages, des supports de tubage et tout autre besoin de nos clients. Nous utilisons sur le site une gamme vari\u00e9e de connexions et de grades de mat\u00e9riaux. En tant que directrice des op\u00e9rations, je dirige une \u00e9quipe de 30 personnes dans les domaines de la production, de la gestion des chantiers et de la gestion des actifs.<\/p><p><br \/>Comme nous sommes une petite \u00e9quipe qui doit r\u00e9pondre \u00e0 de grandes demandes, tout doit \u00eatre minutieusement planifi\u00e9. Par exemple, nous avons \u00e9t\u00e9 charg\u00e9s, r\u00e9cemment, d&rsquo;une commande de plus d&rsquo;un million de livres pour des mat\u00e9riaux tubulaires et des accessoires, comprenant une vari\u00e9t\u00e9 d&rsquo;\u00e9l\u00e9ments diff\u00e9rents. Pour r\u00e9aliser le travail en toute s\u00e9curit\u00e9, nous avons organis\u00e9 plusieurs r\u00e9unions de pr\u00e9production et l&rsquo;avons ex\u00e9cut\u00e9 par lots.<\/p><p><br \/>Mon \u00e9quipe et moi-m\u00eame op\u00e9rons sur le seul site de production de Vallourec au Royaume-Uni, depuis la fermeture de l&rsquo;ancien centre de filetage de Bellshill. \u00c0 ce titre, je consid\u00e8re qu&rsquo;il est de notre responsabilit\u00e9 de maintenir la r\u00e9putation qu&rsquo;il a eue pendant tant d&rsquo;ann\u00e9es. Pour ce faire, nous nous r\u00e9f\u00e9rons notamment aux lignes directrices que nous avons h\u00e9rit\u00e9es de Bellshill et que nous avons adapt\u00e9es au fur et \u00e0 mesure de l&rsquo;am\u00e9lioration de nos pratiques. Cette strat\u00e9gie nous permet de nous assurer que nous disposons de tout ce dont nous avons besoin pour livrer une commande.<\/p>\t\t\t\t\t\t\t\t<\/div>\n\t\t\t\t<div class=\"elementor-element elementor-element-a9eeaae elementor-widget elementor-widget-image\" data-id=\"a9eeaae\" data-element_type=\"widget\" data-e-type=\"widget\" data-widget_type=\"image.default\">\n\t\t\t\t\t\t\t\t\t\t\t\t\t\t\t<img fetchpriority=\"high\" decoding=\"async\" width=\"2560\" height=\"1154\" src=\"https:\/\/www.vallourec.com\/app\/uploads\/2024\/03\/paula-gerathly-team-scaled.jpg\" class=\"attachment-full size-full wp-image-16374\" alt=\"\" srcset=\"https:\/\/www.vallourec.com\/app\/uploads\/2024\/03\/paula-gerathly-team-scaled.jpg 2560w, https:\/\/www.vallourec.com\/app\/uploads\/2024\/03\/paula-gerathly-team-300x135.jpg 300w, https:\/\/www.vallourec.com\/app\/uploads\/2024\/03\/paula-gerathly-team-1024x462.jpg 1024w, https:\/\/www.vallourec.com\/app\/uploads\/2024\/03\/paula-gerathly-team-768x346.jpg 768w, https:\/\/www.vallourec.com\/app\/uploads\/2024\/03\/paula-gerathly-team-1536x692.jpg 1536w, https:\/\/www.vallourec.com\/app\/uploads\/2024\/03\/paula-gerathly-team-2048x923.jpg 2048w\" sizes=\"(max-width: 2560px) 100vw, 2560px\" \/>\t\t\t\t\t\t\t\t\t\t\t\t\t\t\t<\/div>\n\t\t\t\t<div class=\"elementor-element elementor-element-41faa28 elementor-widget elementor-widget-spacer\" data-id=\"41faa28\" data-element_type=\"widget\" data-e-type=\"widget\" data-widget_type=\"spacer.default\">\n\t\t\t\t\t\t\t<div class=\"elementor-spacer\">\n\t\t\t<div class=\"elementor-spacer-inner\"><\/div>\n\t\t<\/div>\n\t\t\t\t\t\t<\/div>\n\t\t\t\t<div class=\"elementor-element elementor-element-3ea098c elementor-widget elementor-widget-title\" data-id=\"3ea098c\" data-element_type=\"widget\" data-e-type=\"widget\" data-widget_type=\"title.default\">\n\t\t\t\t<div class=\"elementor-widget-container\">\n\t\t\t\t\t<div>\n      <div class=\"block mb-[3rem] md:mb-none md:flex relative\">\n      <h2 class=\"w-fit title-h2 pb-2 md:pb-0 \">Qu\u2019est-ce qui vous a amen\u00e9 \u00e0 rejoindre Vallourec ?<\/h2>\n      <div class=\"title-divider ml-0 mr-0 md:ml-3 self-center\"><\/div>\n      <p class=\"title-anchor -bottom-[2rem] md:bottom-[50%] right-0 \" id=\"\"><\/p>\n    <\/div>\n  <\/div>\n\t\t\t\t<\/div>\n\t\t\t\t<\/div>\n\t\t\t\t<div class=\"elementor-element elementor-element-8fa1a4f elementor-widget elementor-widget-text-editor\" data-id=\"8fa1a4f\" data-element_type=\"widget\" data-e-type=\"widget\" data-widget_type=\"text-editor.default\">\n\t\t\t\t\t\t\t\t\t<p>Ma formation est principalement ax\u00e9e sur la gestion d&rsquo;entreprise. J&rsquo;ai pass\u00e9 12 ans dans ce secteur, \u00e0 soutenir les entreprises en g\u00e9rant leurs finances, leurs ressources humaines et la QHSE (qualit\u00e9, hygi\u00e8ne, sant\u00e9, environnement). Ma compr\u00e9hension globale de l&rsquo;entreprise a \u00e9t\u00e9 un atout majeur lorsque j&rsquo;ai chang\u00e9 de fonction apr\u00e8s l&rsquo;acquisition par Vallourec de la soci\u00e9t\u00e9 pour laquelle je travaillais, Kerloch Oil Tools.<\/p><p>Lorsqu&rsquo;il a \u00e9t\u00e9 annonc\u00e9 que Vallourec allait acqu\u00e9rir Kerloch, j&rsquo;\u00e9tais \u00e0 la fois nerveuse et enthousiaste. <br \/><br \/>Nous \u00e9tions une petite entreprise ind\u00e9pendante et, tout \u00e0 coup, nous allions faire partie d&rsquo;une entreprise mondiale beaucoup plus importante. Une fois chez Vallourec, des repr\u00e9sentants du monde entier nous rendaient visite, apportant une mine de connaissances, de ressources et de bonnes pratiques. L&rsquo;adoption de ces normes \u00e0 Aberdeen a contribu\u00e9 \u00e0 jeter les bases de notre excellence op\u00e9rationnelle.<\/p>\t\t\t\t\t\t\t\t<\/div>\n\t\t\t\t<div class=\"elementor-element elementor-element-5faa29c elementor-widget elementor-widget-spacer\" data-id=\"5faa29c\" data-element_type=\"widget\" data-e-type=\"widget\" data-widget_type=\"spacer.default\">\n\t\t\t\t\t\t\t<div class=\"elementor-spacer\">\n\t\t\t<div class=\"elementor-spacer-inner\"><\/div>\n\t\t<\/div>\n\t\t\t\t\t\t<\/div>\n\t\t\t\t<div class=\"elementor-element elementor-element-b8e3f47 elementor-widget elementor-widget-title\" data-id=\"b8e3f47\" data-element_type=\"widget\" data-e-type=\"widget\" data-widget_type=\"title.default\">\n\t\t\t\t<div class=\"elementor-widget-container\">\n\t\t\t\t\t<div>\n      <div class=\"block mb-[3rem] md:mb-none md:flex relative\">\n      <h2 class=\"w-fit title-h2 pb-2 md:pb-0 \">Qu\u2019aimez-vous dans votre travail ?<\/h2>\n      <div class=\"title-divider ml-0 mr-0 md:ml-3 self-center\"><\/div>\n      <p class=\"title-anchor -bottom-[2rem] md:bottom-[50%] right-0 \" id=\"\"><\/p>\n    <\/div>\n  <\/div>\n\t\t\t\t<\/div>\n\t\t\t\t<\/div>\n\t\t\t\t<div class=\"elementor-element elementor-element-7be7a86 elementor-widget elementor-widget-text-editor\" data-id=\"7be7a86\" data-element_type=\"widget\" data-e-type=\"widget\" data-widget_type=\"text-editor.default\">\n\t\t\t\t\t\t\t\t\t<p>M\u00eame si je n&rsquo;ai jamais toutes les r\u00e9ponses, je peux toujours demander de l&rsquo;aide \u00e0 mon \u00e9quipe. Je n&rsquo;ai pas besoin de tout savoir, car chacun de mes coll\u00e8gues apporte ses talents et ses comp\u00e9tences.<\/p>\t\t\t\t\t\t\t\t<\/div>\n\t\t\t\t<div class=\"elementor-element elementor-element-add519f elementor-widget elementor-widget-spacer\" data-id=\"add519f\" data-element_type=\"widget\" data-e-type=\"widget\" data-widget_type=\"spacer.default\">\n\t\t\t\t\t\t\t<div class=\"elementor-spacer\">\n\t\t\t<div class=\"elementor-spacer-inner\"><\/div>\n\t\t<\/div>\n\t\t\t\t\t\t<\/div>\n\t\t\t\t<div class=\"elementor-element elementor-element-e845f9f elementor-widget elementor-widget-testimonial\" data-id=\"e845f9f\" data-element_type=\"widget\" data-e-type=\"widget\" data-widget_type=\"testimonial.default\">\n\t\t\t\t<div class=\"elementor-widget-container\">\n\t\t\t\t\t<div class=\"testimonial w-full md:mt-[79px] md:mb-[44px] my-0 relative\">\n  <div class=\"md:block hidden absolute right-0 -top-[79px] custom-padding-right\"><svg width=\"146\" height=\"146\" viewBox=\"0 0 146 146\" fill=\"none\" xmlns=\"http:\/\/www.w3.org\/2000\/svg\">\n    <path d=\"M125.143 72.2502H84.1787V11.1787H145.25V73.0002C145.25 106.84 117.924 134.414 84.1787 134.817V115.458C107.249 115.056 125.893 96.1647 125.893 73.0002V72.2502H125.143Z\"\n        stroke=\"#009EE0\" stroke-width=\"1.5\" \/>\n    <path d=\"M41.7142 72.2502H0.75V11.1787H61.8215V73.0002C61.8215 106.84 34.4956 134.414 0.75 134.817V115.458C23.8204 115.056 42.4642 96.1647 42.4642 73.0002V72.2502H41.7142Z\"\n        stroke=\"#009EE0\" stroke-width=\"1.5\" \/>\n<\/svg>\n<\/div>\n            <picture class=\"block h-[314px] md:h-[442px] mx-auto md:mx-none w-full max-w-[280px] md:w-[295px] md:-top-[77px] rounded-lg relative md:absolute shadow shadow-1 overflow-hidden\">\n        <source srcset=\"\" media=\"(max-width: 768px)\">\n        <img decoding=\"async\" src=\"https:\/\/www.vallourec.com\/app\/uploads\/2024\/03\/paula-gerathly-thumbnail.jpg\" alt=\"\" loading=\"lazy\" class=\"w-full h-auto min-w-full min-h-full object-cover select-none pointer-events-none\">\n      <\/picture>\n        <div class=\"relative -z-10 flex flex-col min-h-[321px] md:pt-[55px] md:custom-padding-right p-4 md:pl-[109px] md:ml-[234px] md:mt-0 mt-12 rounded-lg md:rounded-none bg-blue-secondary-200\">\n    <div class=\"block md:hidden absolute right-0 -top-[30px]\"><svg width=\"50\" height=\"50\" viewBox=\"0 0 50 50\" fill=\"none\" xmlns=\"http:\/\/www.w3.org\/2000\/svg\">\n<path d=\"M42.857 24.2501H29.3213V4.32153H49.2499V25.0001C49.2499 36.1513 40.3775 45.2692 29.3213 45.6653V40.0174C37.2654 39.6253 43.607 33.0399 43.607 25.0001V24.2501H42.857Z\" stroke=\"#009EE0\" stroke-width=\"1.5\"\/>\n<path d=\"M14.2857 24.2499H0.75V4.32129H20.6786V24.9999C20.6786 36.1511 11.8062 45.269 0.75 45.6651V40.0171C8.69411 39.6251 15.0357 33.0396 15.0357 24.9999V24.2499H14.2857Z\" stroke=\"#009EE0\" stroke-width=\"1.5\"\/>\n<\/svg>\n<\/div>\n    <div class=\"pb-[24px] text-blue-secondary-800 italic leading-[40px] flex flex-col justify-center flex-1\"><p>J'ai une \u00e9quipe formidable, compos\u00e9e en majorit\u00e9 d'hommes. On pourrait penser que travailler en tant que femme dans un environnement domin\u00e9 par les hommes est un d\u00e9fi, mais ce n'est pas le cas. D\u00e8s le d\u00e9but, mon \u00e9quipe a \u00e9t\u00e9 accueillante, travaillant avec moi et non contre moi.<\/p><\/div>\n    <div class=\"pb-[28px] flex flex-col\">\n      <div class=\"title-h6\">Paula Geraghty<\/div>\n      <div class=\"text-subtitle text-grey-700\">Directrice des op\u00e9rations chez Vallourec au Royaume-Uni<\/div>\n    <\/div>\n  <\/div>\n<\/div>\n\t\t\t\t<\/div>\n\t\t\t\t<\/div>\n\t\t\t\t<div class=\"elementor-element elementor-element-252ab2b elementor-widget elementor-widget-spacer\" data-id=\"252ab2b\" data-element_type=\"widget\" data-e-type=\"widget\" data-widget_type=\"spacer.default\">\n\t\t\t\t\t\t\t<div class=\"elementor-spacer\">\n\t\t\t<div class=\"elementor-spacer-inner\"><\/div>\n\t\t<\/div>\n\t\t\t\t\t\t<\/div>\n\t\t\t\t<div class=\"elementor-element elementor-element-76d8bdf elementor-widget elementor-widget-text-editor\" data-id=\"76d8bdf\" data-element_type=\"widget\" data-e-type=\"widget\" data-widget_type=\"text-editor.default\">\n\t\t\t\t\t\t\t\t\t<p>Tout ne se passe pas toujours bien, mais j&rsquo;ai les meilleurs des coll\u00e8gues. J&rsquo;aime les variations et les d\u00e9fis permanents que cette fonction m&rsquo;apporte &#8211; c&rsquo;est une aventure, c&rsquo;est certain.<\/p><p>\u00a0<\/p>\t\t\t\t\t\t\t\t<\/div>\n\t\t\t\t\t<\/div>\n\t\t<\/div>\n\t\t\t\t\t<\/div>\n\t\t<\/section>\n\t\t\t\t<section class=\"elementor-section elementor-top-section elementor-element elementor-element-66aee82 elementor-section-boxed elementor-section-height-default elementor-section-height-default\" data-id=\"66aee82\" data-element_type=\"section\" data-e-type=\"section\">\n\t\t\t\t\t\t<div class=\"elementor-container elementor-column-gap-default\">\n\t\t\t\t\t<div class=\"elementor-column elementor-col-100 elementor-top-column elementor-element elementor-element-8af25d3\" data-id=\"8af25d3\" data-element_type=\"column\" data-e-type=\"column\">\n\t\t\t<div class=\"elementor-widget-wrap elementor-element-populated\">\n\t\t\t\t\t\t<div class=\"elementor-element elementor-element-3bb4285 elementor-widget elementor-widget-image\" data-id=\"3bb4285\" data-element_type=\"widget\" data-e-type=\"widget\" data-widget_type=\"image.default\">\n\t\t\t\t\t\t\t\t\t\t\t\t\t\t\t<img decoding=\"async\" width=\"2560\" height=\"1154\" src=\"https:\/\/www.vallourec.com\/app\/uploads\/2024\/03\/paula-gerathly-team2-scaled.jpg\" class=\"attachment-full size-full wp-image-16376\" alt=\"\" srcset=\"https:\/\/www.vallourec.com\/app\/uploads\/2024\/03\/paula-gerathly-team2-scaled.jpg 2560w, https:\/\/www.vallourec.com\/app\/uploads\/2024\/03\/paula-gerathly-team2-300x135.jpg 300w, https:\/\/www.vallourec.com\/app\/uploads\/2024\/03\/paula-gerathly-team2-1024x462.jpg 1024w, https:\/\/www.vallourec.com\/app\/uploads\/2024\/03\/paula-gerathly-team2-768x346.jpg 768w, https:\/\/www.vallourec.com\/app\/uploads\/2024\/03\/paula-gerathly-team2-1536x692.jpg 1536w, https:\/\/www.vallourec.com\/app\/uploads\/2024\/03\/paula-gerathly-team2-2048x923.jpg 2048w\" sizes=\"(max-width: 2560px) 100vw, 2560px\" \/>\t\t\t\t\t\t\t\t\t\t\t\t\t\t\t<\/div>\n\t\t\t\t<div class=\"elementor-element elementor-element-f7fbc33 elementor-widget elementor-widget-spacer\" data-id=\"f7fbc33\" data-element_type=\"widget\" data-e-type=\"widget\" data-widget_type=\"spacer.default\">\n\t\t\t\t\t\t\t<div class=\"elementor-spacer\">\n\t\t\t<div class=\"elementor-spacer-inner\"><\/div>\n\t\t<\/div>\n\t\t\t\t\t\t<\/div>\n\t\t\t\t<div class=\"elementor-element elementor-element-c8a34bc elementor-widget elementor-widget-title\" data-id=\"c8a34bc\" data-element_type=\"widget\" data-e-type=\"widget\" data-widget_type=\"title.default\">\n\t\t\t\t<div class=\"elementor-widget-container\">\n\t\t\t\t\t<div>\n      <div class=\"block mb-[3rem] md:mb-none md:flex relative\">\n      <h2 class=\"w-fit title-h2 pb-2 md:pb-0 \">Quelles sont les comp\u00e9tences qui vous ont permis de r\u00e9ussir dans votre travail ?<\/h2>\n      <div class=\"title-divider ml-0 mr-0 md:ml-3 self-center\"><\/div>\n      <p class=\"title-anchor -bottom-[2rem] md:bottom-[50%] right-0 \" id=\"\"><\/p>\n    <\/div>\n  <\/div>\n\t\t\t\t<\/div>\n\t\t\t\t<\/div>\n\t\t\t\t<div class=\"elementor-element elementor-element-ee7d1cd elementor-widget elementor-widget-text-editor\" data-id=\"ee7d1cd\" data-element_type=\"widget\" data-e-type=\"widget\" data-widget_type=\"text-editor.default\">\n\t\t\t\t\t\t\t\t\t<p>La pers\u00e9v\u00e9rance en est une, sans aucun doute. Lorsque j&rsquo;ai rejoint Vallourec, le march\u00e9 commen\u00e7ait \u00e0 se remettre de la pand\u00e9mie, et nous avons pass\u00e9 deux ans \u00e0 essayer simplement de maintenir l&rsquo;atelier. De nombreux salari\u00e9s sont partis et j&rsquo;ai d\u00fb imm\u00e9diatement reconstruire l&rsquo;\u00e9quipe. Il a fallu recruter des personnes qui ne poss\u00e9daient pas certaines comp\u00e9tences dans le secteur et travailler avec elles pour d\u00e9velopper leurs capacit\u00e9s. Le fait d&rsquo;\u00eatre une femme m&rsquo;a aid\u00e9e \u00e0 faire preuve de patience tout au long de ce processus et \u00e0 aborder les situations d&rsquo;un point de vue diff\u00e9rent de celui de mes coll\u00e8gues masculins.<\/p><p><br \/>Cette \u00e9volution est l&rsquo;une des choses dont je suis le plus fi\u00e8re. Certaines des personnes que j&rsquo;ai recrut\u00e9es ont vraiment excell\u00e9 et ont depuis \u00e9t\u00e9 en mesure d&rsquo;assumer d&rsquo;autres fonctions au sein de l&rsquo;entreprise. Dans un environnement d\u2019aterlier, vous pourriez vous contenter de maintenir les salari\u00e9s dans leur r\u00f4le, car personne ne veut perdre un collaborateur qualifi\u00e9. Mais ce n\u2019\u00e9tait ma vision des choses et je voulais voir mes coll\u00e8gues \u00e9voluer et s&rsquo;\u00e9panouir. <\/p>\t\t\t\t\t\t\t\t<\/div>\n\t\t\t\t<div class=\"elementor-element elementor-element-c8efd37 elementor-widget elementor-widget-image\" data-id=\"c8efd37\" data-element_type=\"widget\" data-e-type=\"widget\" data-widget_type=\"image.default\">\n\t\t\t\t\t\t\t\t\t\t\t\t\t\t\t<img decoding=\"async\" width=\"2560\" height=\"1154\" src=\"https:\/\/www.vallourec.com\/app\/uploads\/2024\/03\/paula-gerathly3-scaled.jpg\" class=\"attachment-full size-full wp-image-16379\" alt=\"\" srcset=\"https:\/\/www.vallourec.com\/app\/uploads\/2024\/03\/paula-gerathly3-scaled.jpg 2560w, https:\/\/www.vallourec.com\/app\/uploads\/2024\/03\/paula-gerathly3-300x135.jpg 300w, https:\/\/www.vallourec.com\/app\/uploads\/2024\/03\/paula-gerathly3-1024x462.jpg 1024w, https:\/\/www.vallourec.com\/app\/uploads\/2024\/03\/paula-gerathly3-768x346.jpg 768w, https:\/\/www.vallourec.com\/app\/uploads\/2024\/03\/paula-gerathly3-1536x692.jpg 1536w, https:\/\/www.vallourec.com\/app\/uploads\/2024\/03\/paula-gerathly3-2048x923.jpg 2048w\" sizes=\"(max-width: 2560px) 100vw, 2560px\" \/>\t\t\t\t\t\t\t\t\t\t\t\t\t\t\t<\/div>\n\t\t\t\t<div class=\"elementor-element elementor-element-c829607 elementor-widget elementor-widget-spacer\" data-id=\"c829607\" data-element_type=\"widget\" data-e-type=\"widget\" data-widget_type=\"spacer.default\">\n\t\t\t\t\t\t\t<div class=\"elementor-spacer\">\n\t\t\t<div class=\"elementor-spacer-inner\"><\/div>\n\t\t<\/div>\n\t\t\t\t\t\t<\/div>\n\t\t\t\t<div class=\"elementor-element elementor-element-ba449a8 elementor-widget elementor-widget-title\" data-id=\"ba449a8\" data-element_type=\"widget\" data-e-type=\"widget\" data-widget_type=\"title.default\">\n\t\t\t\t<div class=\"elementor-widget-container\">\n\t\t\t\t\t<div>\n      <div class=\"block mb-[3rem] md:mb-none md:flex relative\">\n      <h2 class=\"w-fit title-h2 pb-2 md:pb-0 \">Quels conseils donneriez-vous \u00e0 d\u2019autres femmes dans votre domaine ?<\/h2>\n      <div class=\"title-divider ml-0 mr-0 md:ml-3 self-center\"><\/div>\n      <p class=\"title-anchor -bottom-[2rem] md:bottom-[50%] right-0 \" id=\"\"><\/p>\n    <\/div>\n  <\/div>\n\t\t\t\t<\/div>\n\t\t\t\t<\/div>\n\t\t\t\t<div class=\"elementor-element elementor-element-d103ae6 elementor-widget elementor-widget-text-editor\" data-id=\"d103ae6\" data-element_type=\"widget\" data-e-type=\"widget\" data-widget_type=\"text-editor.default\">\n\t\t\t\t\t\t\t\t\t<p>Ne vous imposez pas de limites \u00e0 vous-m\u00eame, concernant l&rsquo;endroit o\u00f9 vous voulez travailler ou ce que vous voulez faire, en fonction des r\u00f4les f\u00e9minins traditionnels. Une femme de notre \u00e9quipe, par exemple, travaille avec nous depuis 2019 en tant que planificatrice. Elle a fait bien plus que ce que son ancien poste d&rsquo;assistante des op\u00e9rations lui permettait de faire. Elle organise d\u00e9sormais nos activit\u00e9s quotidiennes et fait un excellent travail.<\/p><p><strong><br \/>\u00ab <em>Je me suis sentie tr\u00e8s soutenue tout au long de mon parcours chez Vallourec, dans ma carri\u00e8re et en tant que femme.<\/em> \u00bb<\/strong><\/p>\t\t\t\t\t\t\t\t<\/div>\n\t\t\t\t<div class=\"elementor-element elementor-element-dcfddd8 elementor-widget elementor-widget-text-editor\" data-id=\"dcfddd8\" data-element_type=\"widget\" data-e-type=\"widget\" data-widget_type=\"text-editor.default\">\n\t\t\t\t\t\t\t\t\t<p>Cela a commenc\u00e9 lorsque l&rsquo;acquisition a eu lieu, et c&rsquo;\u00e9tait la premi\u00e8re fois que j\u2019\u00e9tais dirig\u00e9e par une femme. Elle a jou\u00e9 un r\u00f4le d\u00e9terminant dans ma mise en relation avec un mentor qui m&rsquo;a aid\u00e9 \u00e0 \u00e9voluer professionnellement. J&rsquo;ai rencontr\u00e9 tant de personnes qui m&rsquo;ont fait progresser ici chez Vallourec, au Royaume-Uni et ailleurs.<\/p><p>\u00a0<\/p>\t\t\t\t\t\t\t\t<\/div>\n\t\t\t\t<div class=\"elementor-element elementor-element-48b2427 elementor-widget elementor-widget-spacer\" data-id=\"48b2427\" data-element_type=\"widget\" data-e-type=\"widget\" data-widget_type=\"spacer.default\">\n\t\t\t\t\t\t\t<div class=\"elementor-spacer\">\n\t\t\t<div class=\"elementor-spacer-inner\"><\/div>\n\t\t<\/div>\n\t\t\t\t\t\t<\/div>\n\t\t\t\t<div class=\"elementor-element elementor-element-32f835c elementor-widget elementor-widget-news_carousel\" data-id=\"32f835c\" data-element_type=\"widget\" data-e-type=\"widget\" data-widget_type=\"news_carousel.default\">\n\t\t\t\t<div class=\"elementor-widget-container\">\n\t\t\t\t\t<div class=\"pagination-filter-component dynamic-filterable-component\">\n\n  \n        \n  \n      <div class=\"relative dynamic-div tns-carousel\">\n      <div class=\"absolute hidden md:block top-1\/3 -left-7 select-none cursor-pointer news-carousel-controls-prev\"><svg width=\"20\" height=\"20\" viewBox=\"0 0 20 20\" fill=\"none\" xmlns=\"http:\/\/www.w3.org\/2000\/svg\">\n  <g clip-path=\"url(#clip0_2241_514)\">\n    <path d=\"M4.29963 9.99994C4.29963 9.6415 4.43649 9.28311 4.70964 9.00983L13.3093 0.410283C13.8563 -0.136761 14.7433 -0.136761 15.2901 0.410283C15.8369 0.957105 15.8369 1.84387 15.2901 2.39095L7.68064 9.99994L15.2898 17.609C15.8366 18.156 15.8366 19.0427 15.2898 19.5895C14.743 20.1368 13.8561 20.1368 13.309 19.5895L4.70937 10.9901C4.43618 10.7166 4.29963 10.3583 4.29963 9.99994Z\" fill=\"currentColor\"\/>\n  <\/g>\n  <defs>\n    <clipPath id=\"clip0_2241_514\">\n      <rect width=\"20\" height=\"20\" fill=\"white\" transform=\"translate(20) rotate(90)\"\/>\n    <\/clipPath>\n  <\/defs>\n<\/svg>\n<\/div>\n<div class=\"absolute hidden md:block top-1\/3 -right-7 select-none cursor-pointer news-carousel-controls-next\"><svg width=\"20\" height=\"20\" viewBox=\"0 0 20 20\" fill=\"none\" xmlns=\"http:\/\/www.w3.org\/2000\/svg\">\n  <g clip-path=\"url(#clip0_2241_511)\">\n    <path d=\"M15.7004 10.0001C15.7004 10.3585 15.5635 10.7169 15.2904 10.9902L6.69072 19.5897C6.14368 20.1368 5.25674 20.1368 4.70992 19.5897C4.1631 19.0429 4.1631 18.1561 4.70992 17.609L12.3194 10.0001L4.71019 2.39102C4.16336 1.84398 4.16336 0.957306 4.71019 0.410528C5.25701 -0.136781 6.14395 -0.136781 6.69099 0.410528L15.2906 9.00994C15.5638 9.28335 15.7004 9.64175 15.7004 10.0001Z\" fill=\"currentColor\"\/>\n  <\/g>\n  <defs>\n    <clipPath id=\"clip0_2241_511\">\n      <rect width=\"20\" height=\"20\" fill=\"white\" transform=\"translate(0 20) rotate(-90)\"\/>\n    <\/clipPath>\n  <\/defs>\n<\/svg>\n<\/div>\n<div class=\"relative flex mt-4 news-carousel\">\n  <div>\n      <div class=\"flex flex-col\" x-data=\"{ hovering: false }\">\n  <a\n    class=\"relative h-[15.625rem] overflow-hidden flex items-center justify-center rounded-lg\"\n    href=\"https:\/\/www.vallourec.com\/fr\/news\/meet-thulio-dias-technical-sales-engineer-career-expert\/\"\n    @mouseenter=\"hovering = true\"\n    @mouseleave=\"hovering = false\"\n  >\n          <picture class=\"absolute flex justify-center items-center inset-0\">\n        <source srcset=\"https:\/\/www.vallourec.com\/app\/uploads\/2025\/12\/thulio-dias-thumb.jpg\" media=\"(max-width: 768px)\">\n        <img decoding=\"async\" src=\"https:\/\/www.vallourec.com\/app\/uploads\/2025\/12\/thulio-dias-thumb.jpg\" alt=\"\" loading=\"lazy\" class=\"min-w-full min-h-full w-auto h-auto object-cover select-none pointer-events-none\">\n      <\/picture>\n      <div class=\"absolute inset-0 bg-blue-primary-navy opacity-0 transition\" :class=\"{ 'opacity-40': hovering }\"><\/div>\n      <\/a>\n  <div class=\"flex w-full justify-start mt-4\">\n          \n      <div class=\"font-medium text-blue-secondary-800\">Carri\u00e8res<\/div>\n        <div class=\"ml-auto text-grey\">17 d\u00e9cembre 2025<\/div>\n  <\/div>\n  <a\n    class=\"font-bold text-black text-xl mt-3 transition post-title\"\n    :class=\"{ 'text-blue-primary-brand': hovering }\"\n    href=\"https:\/\/www.vallourec.com\/fr\/news\/meet-thulio-dias-technical-sales-engineer-career-expert\/\"\n    @mouseenter=\"hovering = true\"\n    @mouseleave=\"hovering = false\"\n  >\n    Rencontre avec Thulio Dias, Ing\u00e9nieur Technico-Commercial et Career Expert, Br\u00e9sil\n  <\/a>\n<\/div>\n    <\/div>\n      <div>\n      <div class=\"flex flex-col\" x-data=\"{ hovering: false }\">\n  <a\n    class=\"relative h-[15.625rem] overflow-hidden flex items-center justify-center rounded-lg\"\n    href=\"https:\/\/www.vallourec.com\/fr\/news\/meet-robert-holguin-senior-global-it-project-manager-at-vallourec\/\"\n    @mouseenter=\"hovering = true\"\n    @mouseleave=\"hovering = false\"\n  >\n          <picture class=\"absolute flex justify-center items-center inset-0\">\n        <source srcset=\"https:\/\/www.vallourec.com\/app\/uploads\/2025\/11\/robert-holguin-thumb.jpg\" media=\"(max-width: 768px)\">\n        <img decoding=\"async\" src=\"https:\/\/www.vallourec.com\/app\/uploads\/2025\/11\/robert-holguin-thumb.jpg\" alt=\"\" loading=\"lazy\" class=\"min-w-full min-h-full w-auto h-auto object-cover select-none pointer-events-none\">\n      <\/picture>\n      <div class=\"absolute inset-0 bg-blue-primary-navy opacity-0 transition\" :class=\"{ 'opacity-40': hovering }\"><\/div>\n      <\/a>\n  <div class=\"flex w-full justify-start mt-4\">\n          \n      <div class=\"font-medium text-blue-secondary-800\">Carri\u00e8res<\/div>\n        <div class=\"ml-auto text-grey\">27 novembre 2025<\/div>\n  <\/div>\n  <a\n    class=\"font-bold text-black text-xl mt-3 transition post-title\"\n    :class=\"{ 'text-blue-primary-brand': hovering }\"\n    href=\"https:\/\/www.vallourec.com\/fr\/news\/meet-robert-holguin-senior-global-it-project-manager-at-vallourec\/\"\n    @mouseenter=\"hovering = true\"\n    @mouseleave=\"hovering = false\"\n  >\n    Rencontre avec Robert Holguin, chef de projet informatique mondial senior chez Vallourec\n  <\/a>\n<\/div>\n    <\/div>\n      <div>\n      <div class=\"flex flex-col\" x-data=\"{ hovering: false }\">\n  <a\n    class=\"relative h-[15.625rem] overflow-hidden flex items-center justify-center rounded-lg\"\n    href=\"https:\/\/www.vallourec.com\/fr\/news\/meet-veronica-scheiber-rd-corrosion-engineer-at-vallourec\/\"\n    @mouseenter=\"hovering = true\"\n    @mouseleave=\"hovering = false\"\n  >\n          <picture class=\"absolute flex justify-center items-center inset-0\">\n        <source srcset=\"https:\/\/www.vallourec.com\/app\/uploads\/2025\/11\/veronica-scheiber-portrait-thumb.jpg\" media=\"(max-width: 768px)\">\n        <img decoding=\"async\" src=\"https:\/\/www.vallourec.com\/app\/uploads\/2025\/11\/veronica-scheiber-portrait-thumb.jpg\" alt=\"\" loading=\"lazy\" class=\"min-w-full min-h-full w-auto h-auto object-cover select-none pointer-events-none\">\n      <\/picture>\n      <div class=\"absolute inset-0 bg-blue-primary-navy opacity-0 transition\" :class=\"{ 'opacity-40': hovering }\"><\/div>\n      <\/a>\n  <div class=\"flex w-full justify-start mt-4\">\n          \n      <div class=\"font-medium text-blue-secondary-800\">Carri\u00e8res<\/div>\n        <div class=\"ml-auto text-grey\">21 novembre 2025<\/div>\n  <\/div>\n  <a\n    class=\"font-bold text-black text-xl mt-3 transition post-title\"\n    :class=\"{ 'text-blue-primary-brand': hovering }\"\n    href=\"https:\/\/www.vallourec.com\/fr\/news\/meet-veronica-scheiber-rd-corrosion-engineer-at-vallourec\/\"\n    @mouseenter=\"hovering = true\"\n    @mouseleave=\"hovering = false\"\n  >\n    Rencontre avec Veronica Scheiber \u2013 Ing\u00e9nieure R&amp;D Corrosion chez Vallourec\n  <\/a>\n<\/div>\n    <\/div>\n      <div>\n      <div class=\"flex flex-col\" x-data=\"{ hovering: false }\">\n  <a\n    class=\"relative h-[15.625rem] overflow-hidden flex items-center justify-center rounded-lg\"\n    href=\"https:\/\/www.vallourec.com\/fr\/news\/meet-amelie-derumiere-head-of-the-chemical-analysis-and-corrosion-laboratories-at-vallourec\/\"\n    @mouseenter=\"hovering = true\"\n    @mouseleave=\"hovering = false\"\n  >\n          <picture class=\"absolute flex justify-center items-center inset-0\">\n        <source srcset=\"https:\/\/www.vallourec.com\/app\/uploads\/2025\/10\/portrait-amelie-thumb.jpg\" media=\"(max-width: 768px)\">\n        <img decoding=\"async\" src=\"https:\/\/www.vallourec.com\/app\/uploads\/2025\/10\/portrait-amelie-thumb.jpg\" alt=\"\" loading=\"lazy\" class=\"min-w-full min-h-full w-auto h-auto object-cover select-none pointer-events-none\">\n      <\/picture>\n      <div class=\"absolute inset-0 bg-blue-primary-navy opacity-0 transition\" :class=\"{ 'opacity-40': hovering }\"><\/div>\n      <\/a>\n  <div class=\"flex w-full justify-start mt-4\">\n          \n      <div class=\"font-medium text-blue-secondary-800\">Carri\u00e8res<\/div>\n        <div class=\"ml-auto text-grey\">30 octobre 2025<\/div>\n  <\/div>\n  <a\n    class=\"font-bold text-black text-xl mt-3 transition post-title\"\n    :class=\"{ 'text-blue-primary-brand': hovering }\"\n    href=\"https:\/\/www.vallourec.com\/fr\/news\/meet-amelie-derumiere-head-of-the-chemical-analysis-and-corrosion-laboratories-at-vallourec\/\"\n    @mouseenter=\"hovering = true\"\n    @mouseleave=\"hovering = false\"\n  >\n    Rencontre avec Am\u00e9lie Derumi\u00e8re, Responsable de laboratoires chez Vallourec\n  <\/a>\n<\/div>\n    <\/div>\n      <div>\n      <div class=\"flex flex-col\" x-data=\"{ hovering: false }\">\n  <a\n    class=\"relative h-[15.625rem] overflow-hidden flex items-center justify-center rounded-lg\"\n    href=\"https:\/\/www.vallourec.com\/fr\/news\/meeting-blanche-richard-financial-controller-at-vallourec-making-numbers-speak\/\"\n    @mouseenter=\"hovering = true\"\n    @mouseleave=\"hovering = false\"\n  >\n          <picture class=\"absolute flex justify-center items-center inset-0\">\n        <source srcset=\"https:\/\/www.vallourec.com\/app\/uploads\/2025\/09\/blanche-richard-portrait-thumbnail.jpg\" media=\"(max-width: 768px)\">\n        <img decoding=\"async\" src=\"https:\/\/www.vallourec.com\/app\/uploads\/2025\/09\/blanche-richard-portrait-thumbnail.jpg\" alt=\"\" loading=\"lazy\" class=\"min-w-full min-h-full w-auto h-auto object-cover select-none pointer-events-none\">\n      <\/picture>\n      <div class=\"absolute inset-0 bg-blue-primary-navy opacity-0 transition\" :class=\"{ 'opacity-40': hovering }\"><\/div>\n      <\/a>\n  <div class=\"flex w-full justify-start mt-4\">\n          \n      <div class=\"font-medium text-blue-secondary-800\">Carri\u00e8res<\/div>\n        <div class=\"ml-auto text-grey\">17 septembre 2025<\/div>\n  <\/div>\n  <a\n    class=\"font-bold text-black text-xl mt-3 transition post-title\"\n    :class=\"{ 'text-blue-primary-brand': hovering }\"\n    href=\"https:\/\/www.vallourec.com\/fr\/news\/meeting-blanche-richard-financial-controller-at-vallourec-making-numbers-speak\/\"\n    @mouseenter=\"hovering = true\"\n    @mouseleave=\"hovering = false\"\n  >\n    Rencontre avec Blanche Richard, analyste financi\u00e8re chez Vallourec : faire parler les chiffres\n  <\/a>\n<\/div>\n    <\/div>\n      <div>\n      <div class=\"flex flex-col\" x-data=\"{ hovering: false }\">\n  <a\n    class=\"relative h-[15.625rem] overflow-hidden flex items-center justify-center rounded-lg\"\n    href=\"https:\/\/www.vallourec.com\/fr\/news\/rencontre-avec-priscila-paolinelli\/\"\n    @mouseenter=\"hovering = true\"\n    @mouseleave=\"hovering = false\"\n  >\n          <picture class=\"absolute flex justify-center items-center inset-0\">\n        <source srcset=\"https:\/\/www.vallourec.com\/app\/uploads\/2025\/08\/priscila_paolinelli_thumb.jpg\" media=\"(max-width: 768px)\">\n        <img decoding=\"async\" src=\"https:\/\/www.vallourec.com\/app\/uploads\/2025\/08\/priscila_paolinelli_thumb.jpg\" alt=\"\" loading=\"lazy\" class=\"min-w-full min-h-full w-auto h-auto object-cover select-none pointer-events-none\">\n      <\/picture>\n      <div class=\"absolute inset-0 bg-blue-primary-navy opacity-0 transition\" :class=\"{ 'opacity-40': hovering }\"><\/div>\n      <\/a>\n  <div class=\"flex w-full justify-start mt-4\">\n          \n      <div class=\"font-medium text-blue-secondary-800\">Carri\u00e8res<\/div>\n        <div class=\"ml-auto text-grey\">25 ao\u00fbt 2025<\/div>\n  <\/div>\n  <a\n    class=\"font-bold text-black text-xl mt-3 transition post-title\"\n    :class=\"{ 'text-blue-primary-brand': hovering }\"\n    href=\"https:\/\/www.vallourec.com\/fr\/news\/rencontre-avec-priscila-paolinelli\/\"\n    @mouseenter=\"hovering = true\"\n    @mouseleave=\"hovering = false\"\n  >\n    Rencontre avec Priscila Paolinelli, Head of Data Analytics chez Vallourec Br\u00e9sil\u00a0\n  <\/a>\n<\/div>\n    <\/div>\n      <div>\n      <div class=\"flex flex-col\" x-data=\"{ hovering: false }\">\n  <a\n    class=\"relative h-[15.625rem] overflow-hidden flex items-center justify-center rounded-lg\"\n    href=\"https:\/\/www.vallourec.com\/fr\/news\/de-lalternance-a-linnovation-rencontre-avec-baptiste-dejaeger-ingenieur-projet-rd-accessoires-chez-vallourec\/\"\n    @mouseenter=\"hovering = true\"\n    @mouseleave=\"hovering = false\"\n  >\n          <picture class=\"absolute flex justify-center items-center inset-0\">\n        <source srcset=\"https:\/\/www.vallourec.com\/app\/uploads\/2025\/05\/vallourec-baptiste-dejaeger-work-portrait.jpg\" media=\"(max-width: 768px)\">\n        <img decoding=\"async\" src=\"https:\/\/www.vallourec.com\/app\/uploads\/2025\/05\/vallourec-baptiste-dejaeger-work-portrait.jpg\" alt=\"\" loading=\"lazy\" class=\"min-w-full min-h-full w-auto h-auto object-cover select-none pointer-events-none\">\n      <\/picture>\n      <div class=\"absolute inset-0 bg-blue-primary-navy opacity-0 transition\" :class=\"{ 'opacity-40': hovering }\"><\/div>\n      <\/a>\n  <div class=\"flex w-full justify-start mt-4\">\n          \n      <div class=\"font-medium text-blue-secondary-800\">Carri\u00e8res<\/div>\n        <div class=\"ml-auto text-grey\">15 mai 2025<\/div>\n  <\/div>\n  <a\n    class=\"font-bold text-black text-xl mt-3 transition post-title\"\n    :class=\"{ 'text-blue-primary-brand': hovering }\"\n    href=\"https:\/\/www.vallourec.com\/fr\/news\/de-lalternance-a-linnovation-rencontre-avec-baptiste-dejaeger-ingenieur-projet-rd-accessoires-chez-vallourec\/\"\n    @mouseenter=\"hovering = true\"\n    @mouseleave=\"hovering = false\"\n  >\n    De l'Alternance \u00e0 l'Innovation, rencontre avec Baptiste Dejaeger, Ing\u00e9nieur Projet R&amp;D \u2013 Accessoires chez Vallourec\u00a0\n  <\/a>\n<\/div>\n    <\/div>\n      <div>\n      <div class=\"flex flex-col\" x-data=\"{ hovering: false }\">\n  <a\n    class=\"relative h-[15.625rem] overflow-hidden flex items-center justify-center rounded-lg\"\n    href=\"https:\/\/www.vallourec.com\/fr\/news\/celebrer-la-force-feminine-entre-elas-chez-vallourec\/\"\n    @mouseenter=\"hovering = true\"\n    @mouseleave=\"hovering = false\"\n  >\n          <picture class=\"absolute flex justify-center items-center inset-0\">\n        <source srcset=\"https:\/\/www.vallourec.com\/app\/uploads\/2025\/04\/vallourec-entre-elas.jpg\" media=\"(max-width: 768px)\">\n        <img decoding=\"async\" src=\"https:\/\/www.vallourec.com\/app\/uploads\/2025\/04\/vallourec-entre-elas.jpg\" alt=\"\" loading=\"lazy\" class=\"min-w-full min-h-full w-auto h-auto object-cover select-none pointer-events-none\">\n      <\/picture>\n      <div class=\"absolute inset-0 bg-blue-primary-navy opacity-0 transition\" :class=\"{ 'opacity-40': hovering }\"><\/div>\n      <\/a>\n  <div class=\"flex w-full justify-start mt-4\">\n          \n      <div class=\"font-medium text-blue-secondary-800\">Diversit\u00e9<\/div>\n        <div class=\"ml-auto text-grey\">16 avril 2025<\/div>\n  <\/div>\n  <a\n    class=\"font-bold text-black text-xl mt-3 transition post-title\"\n    :class=\"{ 'text-blue-primary-brand': hovering }\"\n    href=\"https:\/\/www.vallourec.com\/fr\/news\/celebrer-la-force-feminine-entre-elas-chez-vallourec\/\"\n    @mouseenter=\"hovering = true\"\n    @mouseleave=\"hovering = false\"\n  >\n    C\u00e9l\u00e9brer la force f\u00e9minine : \u00ab\u202fEntre Elas\u202f\u00bb chez Vallourec\u00a0\n  <\/a>\n<\/div>\n    <\/div>\n      <div>\n      <div class=\"flex flex-col\" x-data=\"{ hovering: false }\">\n  <a\n    class=\"relative h-[15.625rem] overflow-hidden flex items-center justify-center rounded-lg\"\n    href=\"https:\/\/www.vallourec.com\/fr\/news\/rencontre-avec-ibrahima-kama-ingenieur-rd-materiaux-apprendre-innover-et-progresser-avec-vallourec\/\"\n    @mouseenter=\"hovering = true\"\n    @mouseleave=\"hovering = false\"\n  >\n          <picture class=\"absolute flex justify-center items-center inset-0\">\n        <source srcset=\"https:\/\/www.vallourec.com\/app\/uploads\/2025\/03\/vallourec-ibrahima.jpg\" media=\"(max-width: 768px)\">\n        <img decoding=\"async\" src=\"https:\/\/www.vallourec.com\/app\/uploads\/2025\/03\/vallourec-ibrahima.jpg\" alt=\"\" loading=\"lazy\" class=\"min-w-full min-h-full w-auto h-auto object-cover select-none pointer-events-none\">\n      <\/picture>\n      <div class=\"absolute inset-0 bg-blue-primary-navy opacity-0 transition\" :class=\"{ 'opacity-40': hovering }\"><\/div>\n      <\/a>\n  <div class=\"flex w-full justify-start mt-4\">\n          \n      <div class=\"font-medium text-blue-secondary-800\">Carri\u00e8res<\/div>\n        <div class=\"ml-auto text-grey\">26 mars 2025<\/div>\n  <\/div>\n  <a\n    class=\"font-bold text-black text-xl mt-3 transition post-title\"\n    :class=\"{ 'text-blue-primary-brand': hovering }\"\n    href=\"https:\/\/www.vallourec.com\/fr\/news\/rencontre-avec-ibrahima-kama-ingenieur-rd-materiaux-apprendre-innover-et-progresser-avec-vallourec\/\"\n    @mouseenter=\"hovering = true\"\n    @mouseleave=\"hovering = false\"\n  >\n    Rencontre avec Ibrahima Kama, Ing\u00e9nieur R&amp;D Mat\u00e9riaux \u2014 Apprendre, innover et progresser avec Vallourec\u00a0\n  <\/a>\n<\/div>\n    <\/div>\n      <div>\n      <div class=\"flex flex-col\" x-data=\"{ hovering: false }\">\n  <a\n    class=\"relative h-[15.625rem] overflow-hidden flex items-center justify-center rounded-lg\"\n    href=\"https:\/\/www.vallourec.com\/fr\/news\/entre-ambition-resilience-et-passion-les-parcours-inspirants-de-trois-femmes-inspectrices-qualite-chez-vallourec-au-mexique\/\"\n    @mouseenter=\"hovering = true\"\n    @mouseleave=\"hovering = false\"\n  >\n          <picture class=\"absolute flex justify-center items-center inset-0\">\n        <source srcset=\"https:\/\/www.vallourec.com\/app\/uploads\/2025\/03\/Vallourec-3-women-mexico-hero.jpg\" media=\"(max-width: 768px)\">\n        <img decoding=\"async\" src=\"https:\/\/www.vallourec.com\/app\/uploads\/2025\/03\/Vallourec-3-women-mexico-hero.jpg\" alt=\"\" loading=\"lazy\" class=\"min-w-full min-h-full w-auto h-auto object-cover select-none pointer-events-none\">\n      <\/picture>\n      <div class=\"absolute inset-0 bg-blue-primary-navy opacity-0 transition\" :class=\"{ 'opacity-40': hovering }\"><\/div>\n      <\/a>\n  <div class=\"flex w-full justify-start mt-4\">\n          \n      <div class=\"font-medium text-blue-secondary-800\">Carri\u00e8res<\/div>\n        <div class=\"ml-auto text-grey\">19 mars 2025<\/div>\n  <\/div>\n  <a\n    class=\"font-bold text-black text-xl mt-3 transition post-title\"\n    :class=\"{ 'text-blue-primary-brand': hovering }\"\n    href=\"https:\/\/www.vallourec.com\/fr\/news\/entre-ambition-resilience-et-passion-les-parcours-inspirants-de-trois-femmes-inspectrices-qualite-chez-vallourec-au-mexique\/\"\n    @mouseenter=\"hovering = true\"\n    @mouseleave=\"hovering = false\"\n  >\n    Entre ambition, r\u00e9silience et passion\u202f: les parcours inspirants de trois femmes inspectrices qualit\u00e9 chez Vallourec au Mexique\u00a0\n  <\/a>\n<\/div>\n    <\/div>\n      <div>\n      <div class=\"flex flex-col\" x-data=\"{ hovering: false }\">\n  <a\n    class=\"relative h-[15.625rem] overflow-hidden flex items-center justify-center rounded-lg\"\n    href=\"https:\/\/www.vallourec.com\/fr\/news\/a-la-pointe-de-lexcellence-industrielle-rencontre-avec-anna-carolina-ingenieur-ndt-bresil\/\"\n    @mouseenter=\"hovering = true\"\n    @mouseleave=\"hovering = false\"\n  >\n          <picture class=\"absolute flex justify-center items-center inset-0\">\n        <source srcset=\"https:\/\/www.vallourec.com\/app\/uploads\/2025\/02\/anna-carolina-vallourec.jpg\" media=\"(max-width: 768px)\">\n        <img decoding=\"async\" src=\"https:\/\/www.vallourec.com\/app\/uploads\/2025\/02\/anna-carolina-vallourec.jpg\" alt=\"\" loading=\"lazy\" class=\"min-w-full min-h-full w-auto h-auto object-cover select-none pointer-events-none\">\n      <\/picture>\n      <div class=\"absolute inset-0 bg-blue-primary-navy opacity-0 transition\" :class=\"{ 'opacity-40': hovering }\"><\/div>\n      <\/a>\n  <div class=\"flex w-full justify-start mt-4\">\n          \n      <div class=\"font-medium text-blue-secondary-800\">Carri\u00e8res<\/div>\n        <div class=\"ml-auto text-grey\">19 f\u00e9vrier 2025<\/div>\n  <\/div>\n  <a\n    class=\"font-bold text-black text-xl mt-3 transition post-title\"\n    :class=\"{ 'text-blue-primary-brand': hovering }\"\n    href=\"https:\/\/www.vallourec.com\/fr\/news\/a-la-pointe-de-lexcellence-industrielle-rencontre-avec-anna-carolina-ingenieur-ndt-bresil\/\"\n    @mouseenter=\"hovering = true\"\n    @mouseleave=\"hovering = false\"\n  >\n    \u00c0 la pointe de l'excellence industrielle : rencontre avec Anna Carolina, Ing\u00e9nieur NDT, Br\u00e9sil\u00a0\n  <\/a>\n<\/div>\n    <\/div>\n      <div>\n      <div class=\"flex flex-col\" x-data=\"{ hovering: false }\">\n  <a\n    class=\"relative h-[15.625rem] overflow-hidden flex items-center justify-center rounded-lg\"\n    href=\"https:\/\/www.vallourec.com\/fr\/news\/a-la-pointe-de-linnovation-et-de-lengagement-communautaire-rencontre-avec-danielle-baker-ingenieur-cleanwell-amerique-du-nord\/\"\n    @mouseenter=\"hovering = true\"\n    @mouseleave=\"hovering = false\"\n  >\n          <picture class=\"absolute flex justify-center items-center inset-0\">\n        <source srcset=\"https:\/\/www.vallourec.com\/app\/uploads\/2024\/11\/danielle-baker.jpg\" media=\"(max-width: 768px)\">\n        <img decoding=\"async\" src=\"https:\/\/www.vallourec.com\/app\/uploads\/2024\/11\/danielle-baker.jpg\" alt=\"\" loading=\"lazy\" class=\"min-w-full min-h-full w-auto h-auto object-cover select-none pointer-events-none\">\n      <\/picture>\n      <div class=\"absolute inset-0 bg-blue-primary-navy opacity-0 transition\" :class=\"{ 'opacity-40': hovering }\"><\/div>\n      <\/a>\n  <div class=\"flex w-full justify-start mt-4\">\n          \n      <div class=\"font-medium text-blue-secondary-800\">Carri\u00e8res<\/div>\n        <div class=\"ml-auto text-grey\">8 novembre 2024<\/div>\n  <\/div>\n  <a\n    class=\"font-bold text-black text-xl mt-3 transition post-title\"\n    :class=\"{ 'text-blue-primary-brand': hovering }\"\n    href=\"https:\/\/www.vallourec.com\/fr\/news\/a-la-pointe-de-linnovation-et-de-lengagement-communautaire-rencontre-avec-danielle-baker-ingenieur-cleanwell-amerique-du-nord\/\"\n    @mouseenter=\"hovering = true\"\n    @mouseleave=\"hovering = false\"\n  >\n    A la pointe de l'innovation et de l'engagement communautaire : rencontre avec Danielle Baker, Ing\u00e9nieur CLEANWELL\u00ae, Am\u00e9rique du Nord\u00a0\n  <\/a>\n<\/div>\n    <\/div>\n  <\/div>\n    <\/div>\n  \n<\/div>\n\t\t\t\t<\/div>\n\t\t\t\t<\/div>\n\t\t\t\t\t<\/div>\n\t\t<\/div>\n\t\t\t\t\t<\/div>\n\t\t<\/section>\n\t\t\t\t<\/div>\n\t\t","protected":false},"excerpt":{"rendered":"<p>Favoriser l\u2019innovation et promouvoir les femmes dans l\u2019ing\u00e9nierie.<\/p>\n","protected":false},"author":1,"featured_media":16369,"template":"","meta":{"_acf_changed":false},"categories":[236],"tags":[],"class_list":["post-16387","news","type-news","status-publish","has-post-thumbnail","hentry","category-careers-fr"],"acf":[],"yoast_head":"<title>Rencontre avec Paula Geraghty, directrice des op\u00e9rations chez Vallourec au Royaume-Uni - Vallourec<\/title>\n<meta name=\"description\" content=\"Avec une formation en gestion d&#039;entreprise, Paula Geraghty a pris la direction des op\u00e9rations de l&#039;usine d&#039;Aberdeen \u00e0 un moment charni\u00e8re.\" \/>\n<meta name=\"robots\" content=\"index, follow, max-snippet:-1, max-image-preview:large, max-video-preview:-1\" \/>\n<link rel=\"canonical\" href=\"https:\/\/www.vallourec.com\/fr\/news\/rencontre-avec-paula-geraghty-directrice-des-operations-chez-vallourec-au-royaume-uni\/\" \/>\n<meta property=\"og:locale\" content=\"fr_FR\" \/>\n<meta property=\"og:type\" content=\"article\" \/>\n<meta property=\"og:title\" content=\"Rencontre avec Paula Geraghty, directrice des op\u00e9rations chez Vallourec au Royaume-Uni - Vallourec\" \/>\n<meta property=\"og:description\" content=\"Avec une formation en gestion d&#039;entreprise, Paula Geraghty a pris la direction des op\u00e9rations de l&#039;usine d&#039;Aberdeen \u00e0 un moment charni\u00e8re.\" \/>\n<meta property=\"og:url\" content=\"https:\/\/www.vallourec.com\/fr\/news\/rencontre-avec-paula-geraghty-directrice-des-operations-chez-vallourec-au-royaume-uni\/\" \/>\n<meta property=\"og:site_name\" content=\"Vallourec\" \/>\n<meta property=\"article:publisher\" content=\"https:\/\/fr-fr.facebook.com\/Vallourec\/\" \/>\n<meta property=\"article:modified_time\" content=\"2024-03-29T15:37:54+00:00\" \/>\n<meta property=\"og:image\" content=\"https:\/\/www.vallourec.com\/app\/uploads\/2024\/03\/paula-gerathly-scaled.jpg\" \/>\n\t<meta property=\"og:image:width\" content=\"2560\" \/>\n\t<meta property=\"og:image:height\" content=\"1154\" \/>\n\t<meta property=\"og:image:type\" content=\"image\/jpeg\" \/>\n<meta name=\"twitter:card\" content=\"summary_large_image\" \/>\n<meta name=\"twitter:site\" content=\"@Vallourec\" \/>\n<meta name=\"twitter:label1\" content=\"Dur\u00e9e de lecture estim\u00e9e\" \/>\n\t<meta name=\"twitter:data1\" content=\"7 minutes\" \/>\n<script type=\"application\/ld+json\" class=\"yoast-schema-graph\">{\"@context\":\"https:\\\/\\\/schema.org\",\"@graph\":[{\"@type\":\"WebPage\",\"@id\":\"https:\\\/\\\/www.vallourec.com\\\/fr\\\/news\\\/rencontre-avec-paula-geraghty-directrice-des-operations-chez-vallourec-au-royaume-uni\\\/\",\"url\":\"https:\\\/\\\/www.vallourec.com\\\/fr\\\/news\\\/rencontre-avec-paula-geraghty-directrice-des-operations-chez-vallourec-au-royaume-uni\\\/\",\"name\":\"Rencontre avec Paula Geraghty, directrice des op\u00e9rations chez Vallourec au Royaume-Uni - Vallourec\",\"isPartOf\":{\"@id\":\"https:\\\/\\\/www.vallourec.com\\\/fr\\\/#website\"},\"primaryImageOfPage\":{\"@id\":\"https:\\\/\\\/www.vallourec.com\\\/fr\\\/news\\\/rencontre-avec-paula-geraghty-directrice-des-operations-chez-vallourec-au-royaume-uni\\\/#primaryimage\"},\"image\":{\"@id\":\"https:\\\/\\\/www.vallourec.com\\\/fr\\\/news\\\/rencontre-avec-paula-geraghty-directrice-des-operations-chez-vallourec-au-royaume-uni\\\/#primaryimage\"},\"thumbnailUrl\":\"https:\\\/\\\/www.vallourec.com\\\/app\\\/uploads\\\/2024\\\/03\\\/paula-gerathly-scaled.jpg\",\"datePublished\":\"2024-03-29T14:26:43+00:00\",\"dateModified\":\"2024-03-29T15:37:54+00:00\",\"description\":\"Avec une formation en gestion d'entreprise, Paula Geraghty a pris la direction des op\u00e9rations de l'usine d'Aberdeen \u00e0 un moment charni\u00e8re.\",\"breadcrumb\":{\"@id\":\"https:\\\/\\\/www.vallourec.com\\\/fr\\\/news\\\/rencontre-avec-paula-geraghty-directrice-des-operations-chez-vallourec-au-royaume-uni\\\/#breadcrumb\"},\"inLanguage\":\"fr-FR\",\"potentialAction\":[{\"@type\":\"ReadAction\",\"target\":[\"https:\\\/\\\/www.vallourec.com\\\/fr\\\/news\\\/rencontre-avec-paula-geraghty-directrice-des-operations-chez-vallourec-au-royaume-uni\\\/\"]}]},{\"@type\":\"ImageObject\",\"inLanguage\":\"fr-FR\",\"@id\":\"https:\\\/\\\/www.vallourec.com\\\/fr\\\/news\\\/rencontre-avec-paula-geraghty-directrice-des-operations-chez-vallourec-au-royaume-uni\\\/#primaryimage\",\"url\":\"https:\\\/\\\/www.vallourec.com\\\/app\\\/uploads\\\/2024\\\/03\\\/paula-gerathly-scaled.jpg\",\"contentUrl\":\"https:\\\/\\\/www.vallourec.com\\\/app\\\/uploads\\\/2024\\\/03\\\/paula-gerathly-scaled.jpg\",\"width\":2560,\"height\":1154},{\"@type\":\"BreadcrumbList\",\"@id\":\"https:\\\/\\\/www.vallourec.com\\\/fr\\\/news\\\/rencontre-avec-paula-geraghty-directrice-des-operations-chez-vallourec-au-royaume-uni\\\/#breadcrumb\",\"itemListElement\":[{\"@type\":\"ListItem\",\"position\":1,\"name\":\"News\",\"item\":\"https:\\\/\\\/www.vallourec.com\\\/fr\\\/news\\\/\"},{\"@type\":\"ListItem\",\"position\":2,\"name\":\"Rencontre avec Paula Geraghty, directrice des op\u00e9rations chez Vallourec au Royaume-Uni\"}]},{\"@type\":\"WebSite\",\"@id\":\"https:\\\/\\\/www.vallourec.com\\\/fr\\\/#website\",\"url\":\"https:\\\/\\\/www.vallourec.com\\\/fr\\\/\",\"name\":\"Vallourec\",\"description\":\"\",\"publisher\":{\"@id\":\"https:\\\/\\\/www.vallourec.com\\\/fr\\\/#organization\"},\"potentialAction\":[{\"@type\":\"SearchAction\",\"target\":{\"@type\":\"EntryPoint\",\"urlTemplate\":\"https:\\\/\\\/www.vallourec.com\\\/fr\\\/?s={search_term_string}\"},\"query-input\":{\"@type\":\"PropertyValueSpecification\",\"valueRequired\":true,\"valueName\":\"search_term_string\"}}],\"inLanguage\":\"fr-FR\"},{\"@type\":\"Organization\",\"@id\":\"https:\\\/\\\/www.vallourec.com\\\/fr\\\/#organization\",\"name\":\"Vallourec\",\"url\":\"https:\\\/\\\/www.vallourec.com\\\/fr\\\/\",\"logo\":{\"@type\":\"ImageObject\",\"inLanguage\":\"fr-FR\",\"@id\":\"https:\\\/\\\/www.vallourec.com\\\/fr\\\/#\\\/schema\\\/logo\\\/image\\\/\",\"url\":\"https:\\\/\\\/www.vallourec.com\\\/app\\\/uploads\\\/2024\\\/11\\\/vallourec_logo.jpg\",\"contentUrl\":\"https:\\\/\\\/www.vallourec.com\\\/app\\\/uploads\\\/2024\\\/11\\\/vallourec_logo.jpg\",\"width\":662,\"height\":500,\"caption\":\"Vallourec\"},\"image\":{\"@id\":\"https:\\\/\\\/www.vallourec.com\\\/fr\\\/#\\\/schema\\\/logo\\\/image\\\/\"},\"sameAs\":[\"https:\\\/\\\/fr-fr.facebook.com\\\/Vallourec\\\/\",\"https:\\\/\\\/x.com\\\/Vallourec\",\"https:\\\/\\\/www.instagram.com\\\/vallourec\\\/\",\"https:\\\/\\\/fr.linkedin.com\\\/company\\\/vallourec\",\"https:\\\/\\\/www.youtube.com\\\/channel\\\/UCgIl0xm1ANwajVkfCFvZr0w\"]}]}<\/script>","yoast_head_json":{"title":"Rencontre avec Paula Geraghty, directrice des op\u00e9rations chez Vallourec au Royaume-Uni - Vallourec","description":"Avec une formation en gestion d'entreprise, Paula Geraghty a pris la direction des op\u00e9rations de l'usine d'Aberdeen \u00e0 un moment charni\u00e8re.","robots":{"index":"index","follow":"follow","max-snippet":"max-snippet:-1","max-image-preview":"max-image-preview:large","max-video-preview":"max-video-preview:-1"},"canonical":"https:\/\/www.vallourec.com\/fr\/news\/rencontre-avec-paula-geraghty-directrice-des-operations-chez-vallourec-au-royaume-uni\/","og_locale":"fr_FR","og_type":"article","og_title":"Rencontre avec Paula Geraghty, directrice des op\u00e9rations chez Vallourec au Royaume-Uni - Vallourec","og_description":"Avec une formation en gestion d'entreprise, Paula Geraghty a pris la direction des op\u00e9rations de l'usine d'Aberdeen \u00e0 un moment charni\u00e8re.","og_url":"https:\/\/www.vallourec.com\/fr\/news\/rencontre-avec-paula-geraghty-directrice-des-operations-chez-vallourec-au-royaume-uni\/","og_site_name":"Vallourec","article_publisher":"https:\/\/fr-fr.facebook.com\/Vallourec\/","article_modified_time":"2024-03-29T15:37:54+00:00","og_image":[{"width":2560,"height":1154,"url":"https:\/\/www.vallourec.com\/app\/uploads\/2024\/03\/paula-gerathly-scaled.jpg","type":"image\/jpeg"}],"twitter_card":"summary_large_image","twitter_site":"@Vallourec","twitter_misc":{"Dur\u00e9e de lecture estim\u00e9e":"7 minutes"},"schema":{"@context":"https:\/\/schema.org","@graph":[{"@type":"WebPage","@id":"https:\/\/www.vallourec.com\/fr\/news\/rencontre-avec-paula-geraghty-directrice-des-operations-chez-vallourec-au-royaume-uni\/","url":"https:\/\/www.vallourec.com\/fr\/news\/rencontre-avec-paula-geraghty-directrice-des-operations-chez-vallourec-au-royaume-uni\/","name":"Rencontre avec Paula Geraghty, directrice des op\u00e9rations chez Vallourec au Royaume-Uni - Vallourec","isPartOf":{"@id":"https:\/\/www.vallourec.com\/fr\/#website"},"primaryImageOfPage":{"@id":"https:\/\/www.vallourec.com\/fr\/news\/rencontre-avec-paula-geraghty-directrice-des-operations-chez-vallourec-au-royaume-uni\/#primaryimage"},"image":{"@id":"https:\/\/www.vallourec.com\/fr\/news\/rencontre-avec-paula-geraghty-directrice-des-operations-chez-vallourec-au-royaume-uni\/#primaryimage"},"thumbnailUrl":"https:\/\/www.vallourec.com\/app\/uploads\/2024\/03\/paula-gerathly-scaled.jpg","datePublished":"2024-03-29T14:26:43+00:00","dateModified":"2024-03-29T15:37:54+00:00","description":"Avec une formation en gestion d'entreprise, Paula Geraghty a pris la direction des op\u00e9rations de l'usine d'Aberdeen \u00e0 un moment charni\u00e8re.","breadcrumb":{"@id":"https:\/\/www.vallourec.com\/fr\/news\/rencontre-avec-paula-geraghty-directrice-des-operations-chez-vallourec-au-royaume-uni\/#breadcrumb"},"inLanguage":"fr-FR","potentialAction":[{"@type":"ReadAction","target":["https:\/\/www.vallourec.com\/fr\/news\/rencontre-avec-paula-geraghty-directrice-des-operations-chez-vallourec-au-royaume-uni\/"]}]},{"@type":"ImageObject","inLanguage":"fr-FR","@id":"https:\/\/www.vallourec.com\/fr\/news\/rencontre-avec-paula-geraghty-directrice-des-operations-chez-vallourec-au-royaume-uni\/#primaryimage","url":"https:\/\/www.vallourec.com\/app\/uploads\/2024\/03\/paula-gerathly-scaled.jpg","contentUrl":"https:\/\/www.vallourec.com\/app\/uploads\/2024\/03\/paula-gerathly-scaled.jpg","width":2560,"height":1154},{"@type":"BreadcrumbList","@id":"https:\/\/www.vallourec.com\/fr\/news\/rencontre-avec-paula-geraghty-directrice-des-operations-chez-vallourec-au-royaume-uni\/#breadcrumb","itemListElement":[{"@type":"ListItem","position":1,"name":"News","item":"https:\/\/www.vallourec.com\/fr\/news\/"},{"@type":"ListItem","position":2,"name":"Rencontre avec Paula Geraghty, directrice des op\u00e9rations chez Vallourec au Royaume-Uni"}]},{"@type":"WebSite","@id":"https:\/\/www.vallourec.com\/fr\/#website","url":"https:\/\/www.vallourec.com\/fr\/","name":"Vallourec","description":"","publisher":{"@id":"https:\/\/www.vallourec.com\/fr\/#organization"},"potentialAction":[{"@type":"SearchAction","target":{"@type":"EntryPoint","urlTemplate":"https:\/\/www.vallourec.com\/fr\/?s={search_term_string}"},"query-input":{"@type":"PropertyValueSpecification","valueRequired":true,"valueName":"search_term_string"}}],"inLanguage":"fr-FR"},{"@type":"Organization","@id":"https:\/\/www.vallourec.com\/fr\/#organization","name":"Vallourec","url":"https:\/\/www.vallourec.com\/fr\/","logo":{"@type":"ImageObject","inLanguage":"fr-FR","@id":"https:\/\/www.vallourec.com\/fr\/#\/schema\/logo\/image\/","url":"https:\/\/www.vallourec.com\/app\/uploads\/2024\/11\/vallourec_logo.jpg","contentUrl":"https:\/\/www.vallourec.com\/app\/uploads\/2024\/11\/vallourec_logo.jpg","width":662,"height":500,"caption":"Vallourec"},"image":{"@id":"https:\/\/www.vallourec.com\/fr\/#\/schema\/logo\/image\/"},"sameAs":["https:\/\/fr-fr.facebook.com\/Vallourec\/","https:\/\/x.com\/Vallourec","https:\/\/www.instagram.com\/vallourec\/","https:\/\/fr.linkedin.com\/company\/vallourec","https:\/\/www.youtube.com\/channel\/UCgIl0xm1ANwajVkfCFvZr0w"]}]}},"_links":{"self":[{"href":"https:\/\/www.vallourec.com\/fr\/wp-json\/wp\/v2\/news\/16387","targetHints":{"allow":["GET"]}}],"collection":[{"href":"https:\/\/www.vallourec.com\/fr\/wp-json\/wp\/v2\/news"}],"about":[{"href":"https:\/\/www.vallourec.com\/fr\/wp-json\/wp\/v2\/types\/news"}],"author":[{"embeddable":true,"href":"https:\/\/www.vallourec.com\/fr\/wp-json\/wp\/v2\/users\/1"}],"version-history":[{"count":4,"href":"https:\/\/www.vallourec.com\/fr\/wp-json\/wp\/v2\/news\/16387\/revisions"}],"predecessor-version":[{"id":16392,"href":"https:\/\/www.vallourec.com\/fr\/wp-json\/wp\/v2\/news\/16387\/revisions\/16392"}],"wp:featuredmedia":[{"embeddable":true,"href":"https:\/\/www.vallourec.com\/fr\/wp-json\/wp\/v2\/media\/16369"}],"wp:attachment":[{"href":"https:\/\/www.vallourec.com\/fr\/wp-json\/wp\/v2\/media?parent=16387"}],"wp:term":[{"taxonomy":"category","embeddable":true,"href":"https:\/\/www.vallourec.com\/fr\/wp-json\/wp\/v2\/categories?post=16387"},{"taxonomy":"post_tag","embeddable":true,"href":"https:\/\/www.vallourec.com\/fr\/wp-json\/wp\/v2\/tags?post=16387"}],"curies":[{"name":"wp","href":"https:\/\/api.w.org\/{rel}","templated":true}]}}